{"id":652,"date":"2012-02-13T19:29:10","date_gmt":"2012-02-13T17:29:10","guid":{"rendered":"http:\/\/www.jkgrp.de\/?p=652"},"modified":"2012-10-27T14:10:43","modified_gmt":"2012-10-27T12:10:43","slug":"gedenkveranstaltung-27-januar-2012-in-kaiserslautern","status":"publish","type":"post","link":"https:\/\/www.jkgrp.de\/?p=652","title":{"rendered":"Gedenkveranstaltung 27 Januar 2012 in Kaiserslautern"},"content":{"rendered":"<p><img decoding=\"async\" src=\"http:\/\/www.jkgrp.de\/wp-content\/uploads\/2012\/02\/DSC01880-001.jpg\" alt=\"Gedenkveranstaltung KL\" width=\"300\"\/><br \/>\nAm 27. Januar 2012 am Synagogenplatz in Kaierslautern fand eine Gedenkveranstaltung zum Gedenken an die Opfer des Nationalsozialisten.<br \/>\nVorstandmitglied der J\u00fcdischen Kultusgemeinde der Rheinpfalz Frau Dr. Larissa Janzewitsch begr\u00fc\u00dfte im Namen der J\u00fcdischen Kultusgemeinde die Anwesenden:<br \/>\n<!--more--><em>Sehr geehrter Herr Beigeordneter F\u00e4rber,<br \/>\nsehr geehrte Damen und Herren,<br \/>\nim Namen des Vorstandes und der Mitglieder der j\u00fcdischen Kultusgemeinde der Rheinpfalz m\u00f6chte ich alle begr\u00fc\u00dfen, die zu der heutigen Kranzniederlegung anl\u00e4sslich des Internationalen Holocaustgedenktages hier zusammengekommen sind, um gemeinsam der Opfer des Nationalsozialismus zu gedenken.<br \/>\nHeute, am 27. Januar j\u00e4hrte sich zum 67. Mal die Befreiung des Konzentrations- und Vernichtungslagers Auschwitz durch die Rote Armee.<br \/>\nPrimo Levi, ein Auschwitz \u00dcberlebender hat gesagt: \u201e\u201eEs ist einmal geschehen, also kann es auch wieder geschehen\u201c.<br \/>\nEs ist unsere Aufgabe und Verantwortung als Nachgeborene, die Erinnerung an die Schreckensherrschaft des Nationalsozialismus wach zu halten.<br \/>\nDeswegen freuen wir uns, dass die Vertreter von vielen Gruppen und Organisationen heute hierher gekommen sind, um durch Ihren Respekt vor den Opfern ein klares \u201eNein\u201c jeder Form von Leugnern des Holocaust zu artikulieren.<br \/>\nWir freuen uns auch, hier Herrn Joachim F\u00e4rber, Beigeordneter der Stadt Kaiserslautern, Frau Angelika Keller, Dekanin des Protestantischen Dekanats Kaiserslautern, Herrn J\u00fcrgen Hoffmann-Biundo, Stadtverwaltung Kaiserslautern begr\u00fc\u00dfen zu d\u00fcrfen.<br \/>\nUnsere Hochachtung f\u00fcr die Stadtverwaltung Kaiserslautern, die diese unser Treffen organisatorisch erm\u00f6glicht hat.<br \/>\nDer Bundespr\u00e4sident Roman Herzog f\u00fchrte am 3. Januar 1996 in seiner Proklamation aus: \u201eDie Erinnerung darf nicht enden; sie muss auch k\u00fcnftige Generationen zur Wachsamkeit mahnen. Es ist deshalb wichtig, nun eine Form des Erinnerns zu finden, die in die Zukunft wirkt. Sie soll Trauer \u00fcber Leid und Verlust ausdr\u00fccken, dem Gedenken an die Opfer gewidmet sein und jeder Gefahr der Wiederholung entgegenwirken.\u201c<br \/>\nDie Anwesenheit von Sch\u00fclerinnen und Sch\u00fcler am heutigen Gedenktag erf\u00fcllt uns mit dem Gef\u00fchl, in die Zukunft mit gro\u00dfer Zuversicht sehen zu k\u00f6nnen.&#8220;<\/em><\/p>\n<p>Wir danken allen, die das nicht vergessen haben!<br \/>\n\n\t\t<style type=\"text\/css\">\n\t\t\t#gallery-1 {\n\t\t\t\tmargin: auto;\n\t\t\t}\n\t\t\t#gallery-1 .gallery-item {\n\t\t\t\tfloat: left;\n\t\t\t\tmargin-top: 10px;\n\t\t\t\ttext-align: center;\n\t\t\t\twidth: 33%;\n\t\t\t}\n\t\t\t#gallery-1 img {\n\t\t\t\tborder: 2px solid #cfcfcf;\n\t\t\t}\n\t\t\t#gallery-1 .gallery-caption {\n\t\t\t\tmargin-left: 0;\n\t\t\t}\n\t\t\t\/* see gallery_shortcode() in wp-includes\/media.php *\/\n\t\t<\/style>\n\t\t<div id='gallery-1' class='gallery galleryid-652 gallery-columns-3 gallery-size-thumbnail'><dl class='gallery-item'>\n\t\t\t<dt class='gallery-icon landscape'>\n\t\t\t\t<a href='https:\/\/www.jkgrp.de\/?attachment_id=698'><img loading=\"lazy\" decoding=\"async\" width=\"150\" height=\"150\" src=\"https:\/\/www.jkgrp.de\/wp-content\/uploads\/2012\/02\/DSC01867-001-150x150.jpg\" class=\"attachment-thumbnail size-thumbnail\" alt=\"\" \/><\/a>\n\t\t\t<\/dt><\/dl><dl class='gallery-item'>\n\t\t\t<dt class='gallery-icon landscape'>\n\t\t\t\t<a href='https:\/\/www.jkgrp.de\/?attachment_id=699'><img loading=\"lazy\" decoding=\"async\" width=\"150\" height=\"150\" src=\"https:\/\/www.jkgrp.de\/wp-content\/uploads\/2012\/02\/DSC01868-001-150x150.jpg\" class=\"attachment-thumbnail size-thumbnail\" alt=\"\" \/><\/a>\n\t\t\t<\/dt><\/dl><dl class='gallery-item'>\n\t\t\t<dt class='gallery-icon landscape'>\n\t\t\t\t<a href='https:\/\/www.jkgrp.de\/?attachment_id=700'><img loading=\"lazy\" decoding=\"async\" width=\"150\" height=\"150\" src=\"https:\/\/www.jkgrp.de\/wp-content\/uploads\/2012\/02\/DSC01869-001-150x150.jpg\" class=\"attachment-thumbnail size-thumbnail\" alt=\"\" \/><\/a>\n\t\t\t<\/dt><\/dl><br style=\"clear: both\" \/><dl class='gallery-item'>\n\t\t\t<dt class='gallery-icon portrait'>\n\t\t\t\t<a href='https:\/\/www.jkgrp.de\/?attachment_id=701'><img loading=\"lazy\" decoding=\"async\" width=\"150\" height=\"150\" src=\"https:\/\/www.jkgrp.de\/wp-content\/uploads\/2012\/02\/DSC01871-001-150x150.jpg\" class=\"attachment-thumbnail size-thumbnail\" alt=\"\" \/><\/a>\n\t\t\t<\/dt><\/dl><dl class='gallery-item'>\n\t\t\t<dt class='gallery-icon landscape'>\n\t\t\t\t<a href='https:\/\/www.jkgrp.de\/?attachment_id=702'><img loading=\"lazy\" decoding=\"async\" width=\"150\" height=\"150\" src=\"https:\/\/www.jkgrp.de\/wp-content\/uploads\/2012\/02\/DSC01880-001-150x150.jpg\" class=\"attachment-thumbnail size-thumbnail\" alt=\"\" \/><\/a>\n\t\t\t<\/dt><\/dl>\n\t\t\t<br style='clear: both' \/>\n\t\t<\/div>\n<\/p>\n","protected":false},"excerpt":{"rendered":"<p>Am 27. Januar 2012 am Synagogenplatz in Kaierslautern fand eine Gedenkveranstaltung zum Gedenken an die Opfer des Nationalsozialisten. Vorstandmitglied der J\u00fcdischen Kultusgemeinde der Rheinpfalz Frau Dr. Larissa Janzewitsch begr\u00fc\u00dfte im Namen der J\u00fcdischen Kultusgemeinde die Anwesenden:<\/p>\n","protected":false},"author":1,"featured_media":0,"comment_status":"closed","ping_status":"open","sticky":false,"template":"","format":"standard","meta":{"footnotes":""},"categories":[60,1,56],"tags":[61,10,11,12],"class_list":["post-652","post","type-post","status-publish","format-standard","hentry","category-foto","category-allgemein","category-kaiserslautern","tag-foto","tag-kaiserslautern","tag-veranstaltung","tag-vorstand"],"_links":{"self":[{"href":"https:\/\/www.jkgrp.de\/index.php?rest_route=\/wp\/v2\/posts\/652","targetHints":{"allow":["GET"]}}],"collection":[{"href":"https:\/\/www.jkgrp.de\/index.php?rest_route=\/wp\/v2\/posts"}],"about":[{"href":"https:\/\/www.jkgrp.de\/index.php?rest_route=\/wp\/v2\/types\/post"}],"author":[{"embeddable":true,"href":"https:\/\/www.jkgrp.de\/index.php?rest_route=\/wp\/v2\/users\/1"}],"replies":[{"embeddable":true,"href":"https:\/\/www.jkgrp.de\/index.php?rest_route=%2Fwp%2Fv2%2Fcomments&post=652"}],"version-history":[{"count":8,"href":"https:\/\/www.jkgrp.de\/index.php?rest_route=\/wp\/v2\/posts\/652\/revisions"}],"predecessor-version":[{"id":1113,"href":"https:\/\/www.jkgrp.de\/index.php?rest_route=\/wp\/v2\/posts\/652\/revisions\/1113"}],"wp:attachment":[{"href":"https:\/\/www.jkgrp.de\/index.php?rest_route=%2Fwp%2Fv2%2Fmedia&parent=652"}],"wp:term":[{"taxonomy":"category","embeddable":true,"href":"https:\/\/www.jkgrp.de\/index.php?rest_route=%2Fwp%2Fv2%2Fcategories&post=652"},{"taxonomy":"post_tag","embeddable":true,"href":"https:\/\/www.jkgrp.de\/index.php?rest_route=%2Fwp%2Fv2%2Ftags&post=652"}],"curies":[{"name":"wp","href":"https:\/\/api.w.org\/{rel}","templated":true}]}}