{"id":2528,"date":"2013-08-27T14:42:00","date_gmt":"2013-08-27T12:42:00","guid":{"rendered":"http:\/\/www.jkgrp.de\/?p=2528"},"modified":"2013-08-27T14:42:00","modified_gmt":"2013-08-27T12:42:00","slug":"topfer-kampft-fur-besonderen-artenschutz-die-welt","status":"publish","type":"post","link":"https:\/\/www.jkgrp.de\/?p=2528","title":{"rendered":"T\u00f6pfer k\u00e4mpft f\u00fcr besonderen Artenschutz &#8211; DIE WELT"},"content":{"rendered":"<table border=\"0\" cellpadding=\"2\" cellspacing=\"7\" style=\"vertical-align:top\">\n<tr>\n<td width=\"80\" align=\"center\" valign=\"top\"><font style=\"font-size:85%;font-family:arial,sans-serif\"><\/font><\/td>\n<td valign=\"top\" class=\"j\"><font style=\"font-size:85%;font-family:arial,sans-serif\"><\/p>\n<div style=\"padding-top:0.8em\"><\/div>\n<div class=\"lh\"><a class=\"colorbox\" href=\"http:\/\/news.google.com\/news\/url?sa=t&amp;fd=R&amp;usg=AFQjCNFM2MEE3gU8W7rpoz6iEuoaQm9qZA&amp;url=http:\/\/www.welt.de\/politik\/deutschland\/article117358048\/Toepfer-kaempft-fuer-besonderen-Artenschutz.html\"><b>T\u00f6pfer k\u00e4mpft f\u00fcr besonderen Artenschutz<\/b><\/a>&lt;br <a href=\"http:\/\/news.google.com\/news\/url?sa=t&amp;fd=R&amp;usg=AFQjCNFM2MEE3gU8W7rpoz6iEuoaQm9qZA&amp;url=http:\/\/www.welt.de\/politik\/deutschland\/article117358048\/Toepfer-kaempft-fuer-besonderen-Artenschutz.html\" class=\"colorbox\"> &#8230;read more<\/a><span style=\"margin-left:10px\"><a href=\"http:\/\/www.facebook.com\/sharer\/sharer.php?u=http:\/\/news.google.com\/news\/url?sa=t&amp;fd=R&amp;usg=AFQjCNFM2MEE3gU8W7rpoz6iEuoaQm9qZA&amp;url=http:\/\/www.welt.de\/politik\/deutschland\/article117358048\/Toepfer-kaempft-fuer-besonderen-Artenschutz.html\"><img decoding=\"async\" src=\"http:\/\/www.jkgrp.de\/wp-content\/plugins\/wp-rss-multi-importer\/images\/facebook.png\" \/><\/a>&nbsp;&nbsp;<a href=\"http:\/\/twitter.com\/intent\/tweet?text=T%C3%B6pfer%20k%C3%A4mpft%20f%C3%BCr%20besonderen%20Artenschutz%20-%20DIE%20WELT%20http:\/\/news.google.com\/news\/url?sa=t&amp;fd=R&amp;usg=AFQjCNFM2MEE3gU8W7rpoz6iEuoaQm9qZA&amp;url=http:\/\/www.welt.de\/politik\/deutschland\/article117358048\/Toepfer-kaempft-fuer-besonderen-Artenschutz.html\"><img decoding=\"async\" src=\"http:\/\/www.jkgrp.de\/wp-content\/plugins\/wp-rss-multi-importer\/images\/twitter.png\" \/><\/a><\/span><\/div>\n<p><\/font><\/td>\n<\/tr>\n<\/table>\n","protected":false},"excerpt":{"rendered":"<p>T\u00f6pfer k\u00e4mpft f\u00fcr besonderen Artenschutz&lt;br &#8230;read more&nbsp;&nbsp;<\/p>\n","protected":false},"author":1,"featured_media":0,"comment_status":"open","ping_status":"open","sticky":false,"template":"","format":"standard","meta":{"footnotes":""},"categories":[1],"tags":[],"class_list":["post-2528","post","type-post","status-publish","format-standard","hentry","category-allgemein"],"_links":{"self":[{"href":"https:\/\/www.jkgrp.de\/index.php?rest_route=\/wp\/v2\/posts\/2528","targetHints":{"allow":["GET"]}}],"collection":[{"href":"https:\/\/www.jkgrp.de\/index.php?rest_route=\/wp\/v2\/posts"}],"about":[{"href":"https:\/\/www.jkgrp.de\/index.php?rest_route=\/wp\/v2\/types\/post"}],"author":[{"embeddable":true,"href":"https:\/\/www.jkgrp.de\/index.php?rest_route=\/wp\/v2\/users\/1"}],"replies":[{"embeddable":true,"href":"https:\/\/www.jkgrp.de\/index.php?rest_route=%2Fwp%2Fv2%2Fcomments&post=2528"}],"version-history":[{"count":0,"href":"https:\/\/www.jkgrp.de\/index.php?rest_route=\/wp\/v2\/posts\/2528\/revisions"}],"wp:attachment":[{"href":"https:\/\/www.jkgrp.de\/index.php?rest_route=%2Fwp%2Fv2%2Fmedia&parent=2528"}],"wp:term":[{"taxonomy":"category","embeddable":true,"href":"https:\/\/www.jkgrp.de\/index.php?rest_route=%2Fwp%2Fv2%2Fcategories&post=2528"},{"taxonomy":"post_tag","embeddable":true,"href":"https:\/\/www.jkgrp.de\/index.php?rest_route=%2Fwp%2Fv2%2Ftags&post=2528"}],"curies":[{"name":"wp","href":"https:\/\/api.w.org\/{rel}","templated":true}]}}