{"id":2461,"date":"2013-07-01T16:29:00","date_gmt":"2013-07-01T14:29:00","guid":{"rendered":"http:\/\/www.jkgrp.de\/?p=2461"},"modified":"2013-07-01T16:29:00","modified_gmt":"2013-07-01T14:29:00","slug":"erzbistum-koln-feiert-1700-jahriges-jubilaum-report-k-de-kolns-internetzeitung","status":"publish","type":"post","link":"https:\/\/www.jkgrp.de\/?p=2461","title":{"rendered":"Erzbistum K\u00f6ln feiert 1700 &#8211; j\u00e4hriges Jubil\u00e4um &#8211; Report-k.de | K\u00f6lns Internetzeitung"},"content":{"rendered":"<div class=\"ftpimagefix\" style=\"float:left\"><a class=\"colorbox\" href=\"http:\/\/news.google.com\/news\/url?sa=t&amp;fd=R&amp;usg=AFQjCNHBpyty3I7N4ZPPuFPw4V8MqONIMw&amp;url=http:\/\/www.report-k.de\/Koeln\/Lokales\/Erzbistum-Koeln-feiert-1700-jaehriges-Jubilaeum-20816\"><\/a><\/div>\n<table border=\"0\" cellpadding=\"2\" cellspacing=\"7\" style=\"vertical-align:top\">\n<tr>\n<td width=\"80\" align=\"center\" valign=\"top\"><font style=\"font-size:85%;font-family:arial,sans-serif\"><\/font><\/td>\n<td valign=\"top\" class=\"j\"><font style=\"font-size:85%;font-family:arial,sans-serif\"><\/p>\n<div style=\"padding-top:0.8em\"><\/div>\n<div class=\"lh\"><a class=\"colorbox\" href=\"http:\/\/news.google.com\/news\/url?sa=t&amp;fd=R&amp;usg=AFQjCNHBpyty3I7N4ZPPuFPw4V8MqONIMw&amp;url=http:\/\/www.report-k.de\/Koeln\/Lokales\/Erzbistum-Koeln-feiert-1700-jaehriges-Jubilaeum-20816\"><b>Erzbistum K\u00f6ln feiert 1700 &#8211; <a href=\"http:\/\/news.google.com\/news\/url?sa=t&amp;fd=R&amp;usg=AFQjCNHBpyty3I7N4ZPPuFPw4V8MqONIMw&amp;url=http:\/\/www.report-k.de\/Koeln\/Lokales\/Erzbistum-Koeln-feiert-1700-jaehriges-Jubilaeum-20816\" class=\"colorbox\"> &#8230;read more<\/a><span style=\"margin-left:10px\"><a href=\"http:\/\/www.facebook.com\/sharer\/sharer.php?u=http:\/\/news.google.com\/news\/url?sa=t&amp;fd=R&amp;usg=AFQjCNHBpyty3I7N4ZPPuFPw4V8MqONIMw&amp;url=http:\/\/www.report-k.de\/Koeln\/Lokales\/Erzbistum-Koeln-feiert-1700-jaehriges-Jubilaeum-20816\"><img decoding=\"async\" src=\"http:\/\/www.jkgrp.de\/wp-content\/plugins\/wp-rss-multi-importer\/images\/facebook.png\" \/><\/a>&nbsp;&nbsp;<a href=\"http:\/\/twitter.com\/intent\/tweet?text=Erzbistum%20K%C3%B6ln%20feiert%201700%20-%20j%C3%A4hriges%20Jubil%C3%A4um%20-%20Report-k.de%20%7C%20K%C3%B6lns%20Internetzeitung%20http:\/\/news.google.com\/news\/url?sa=t&amp;fd=R&amp;usg=AFQjCNHBpyty3I7N4ZPPuFPw4V8MqONIMw&amp;url=http:\/\/www.report-k.de\/Koeln\/Lokales\/Erzbistum-Koeln-feiert-1700-jaehriges-Jubilaeum-20816\"><img decoding=\"async\" src=\"http:\/\/www.jkgrp.de\/wp-content\/plugins\/wp-rss-multi-importer\/images\/twitter.png\" \/><\/a><\/span><\/b><\/a><\/div>\n<p><\/font><\/td>\n<\/tr>\n<\/table>\n","protected":false},"excerpt":{"rendered":"<p>Erzbistum K\u00f6ln feiert 1700 &#8211; &#8230;read more&nbsp;&nbsp;<\/p>\n","protected":false},"author":1,"featured_media":0,"comment_status":"open","ping_status":"open","sticky":false,"template":"","format":"standard","meta":{"footnotes":""},"categories":[1],"tags":[],"class_list":["post-2461","post","type-post","status-publish","format-standard","hentry","category-allgemein"],"_links":{"self":[{"href":"https:\/\/www.jkgrp.de\/index.php?rest_route=\/wp\/v2\/posts\/2461","targetHints":{"allow":["GET"]}}],"collection":[{"href":"https:\/\/www.jkgrp.de\/index.php?rest_route=\/wp\/v2\/posts"}],"about":[{"href":"https:\/\/www.jkgrp.de\/index.php?rest_route=\/wp\/v2\/types\/post"}],"author":[{"embeddable":true,"href":"https:\/\/www.jkgrp.de\/index.php?rest_route=\/wp\/v2\/users\/1"}],"replies":[{"embeddable":true,"href":"https:\/\/www.jkgrp.de\/index.php?rest_route=%2Fwp%2Fv2%2Fcomments&post=2461"}],"version-history":[{"count":0,"href":"https:\/\/www.jkgrp.de\/index.php?rest_route=\/wp\/v2\/posts\/2461\/revisions"}],"wp:attachment":[{"href":"https:\/\/www.jkgrp.de\/index.php?rest_route=%2Fwp%2Fv2%2Fmedia&parent=2461"}],"wp:term":[{"taxonomy":"category","embeddable":true,"href":"https:\/\/www.jkgrp.de\/index.php?rest_route=%2Fwp%2Fv2%2Fcategories&post=2461"},{"taxonomy":"post_tag","embeddable":true,"href":"https:\/\/www.jkgrp.de\/index.php?rest_route=%2Fwp%2Fv2%2Ftags&post=2461"}],"curies":[{"name":"wp","href":"https:\/\/api.w.org\/{rel}","templated":true}]}}