{"id":2282,"date":"2013-05-10T22:04:00","date_gmt":"2013-05-10T20:04:00","guid":{"rendered":"http:\/\/www.jkgrp.de\/?p=2282"},"modified":"2013-05-10T22:04:00","modified_gmt":"2013-05-10T20:04:00","slug":"politik-29-judische-friedhofe-geschandet-tagesspiegel","status":"publish","type":"post","link":"https:\/\/www.jkgrp.de\/?p=2282","title":{"rendered":"Politik: 29 j\u00fcdische Friedh\u00f6fe gesch\u00e4ndet &#8211; Tagesspiegel"},"content":{"rendered":"<div class=\"ftpimagefix\" style=\"float:left\"><a class=\"colorbox\" href=\"http:\/\/news.google.com\/news\/url?sa=t&amp;fd=R&amp;usg=AFQjCNFdzzBzuNGf-ykInXgCDC5i4ttIwg&amp;url=http:\/\/www.tagesspiegel.de\/politik\/29-juedische-friedhoefe-geschaendet\/8189996.html\"><\/a><\/div>\n<table border=\"0\" cellpadding=\"2\" cellspacing=\"7\" style=\"vertical-align:top\">\n<tr>\n<td width=\"80\" align=\"center\" valign=\"top\"><font style=\"font-size:85%;font-family:arial,sans-serif\"><\/font><\/td>\n<td valign=\"top\" class=\"j\"><font style=\"font-size:85%;font-family:arial,sans-serif\"><\/p>\n<div style=\"padding-top:0.8em\"><\/div>\n<div class=\"lh\"><a class=\"colorbox\" href=\"http:\/\/news.google.com\/news\/url?sa=t&amp;fd=R&amp;usg=AFQjCNFdzzBzuNGf-ykInXgCDC5i4ttIwg&amp;url=http:\/\/www.tagesspiegel.de\/politik\/29-juedische-friedhoefe-geschaendet\/8189996.html\"><b>Politik: 29 <\/b><b>j\u00fcdische<\/b> Friedh\u00f6fe gesch\u00e4ndet<\/a>&lt;br <a href=\"http:\/\/news.google.com\/news\/url?sa=t&amp;fd=R&amp;usg=AFQjCNFdzzBzuNGf-ykInXgCDC5i4ttIwg&amp;url=http:\/\/www.tagesspiegel.de\/politik\/29-juedische-friedhoefe-geschaendet\/8189996.html\" class=\"colorbox\"> &#8230;read more<\/a><span style=\"margin-left:10px\"><a href=\"http:\/\/www.facebook.com\/sharer\/sharer.php?u=http:\/\/news.google.com\/news\/url?sa=t&amp;fd=R&amp;usg=AFQjCNFdzzBzuNGf-ykInXgCDC5i4ttIwg&amp;url=http:\/\/www.tagesspiegel.de\/politik\/29-juedische-friedhoefe-geschaendet\/8189996.html\"><img decoding=\"async\" src=\"http:\/\/www.jkgrp.de\/wp-content\/plugins\/wp-rss-multi-importer\/images\/facebook.png\" \/><\/a>&nbsp;&nbsp;<a href=\"http:\/\/twitter.com\/intent\/tweet?text=Politik%3A%2029%20j%C3%BCdische%20Friedh%C3%B6fe%20gesch%C3%A4ndet%20-%20Tagesspiegel%20http:\/\/news.google.com\/news\/url?sa=t&amp;fd=R&amp;usg=AFQjCNFdzzBzuNGf-ykInXgCDC5i4ttIwg&amp;url=http:\/\/www.tagesspiegel.de\/politik\/29-juedische-friedhoefe-geschaendet\/8189996.html\"><img decoding=\"async\" src=\"http:\/\/www.jkgrp.de\/wp-content\/plugins\/wp-rss-multi-importer\/images\/twitter.png\" \/><\/a><\/span><\/div>\n<p><\/font><\/td>\n<\/tr>\n<\/table>\n","protected":false},"excerpt":{"rendered":"<p>Politik: 29 j\u00fcdische Friedh\u00f6fe gesch\u00e4ndet&lt;br &#8230;read more&nbsp;&nbsp;<\/p>\n","protected":false},"author":1,"featured_media":0,"comment_status":"open","ping_status":"open","sticky":false,"template":"","format":"standard","meta":{"footnotes":""},"categories":[1],"tags":[],"class_list":["post-2282","post","type-post","status-publish","format-standard","hentry","category-allgemein"],"_links":{"self":[{"href":"https:\/\/www.jkgrp.de\/index.php?rest_route=\/wp\/v2\/posts\/2282","targetHints":{"allow":["GET"]}}],"collection":[{"href":"https:\/\/www.jkgrp.de\/index.php?rest_route=\/wp\/v2\/posts"}],"about":[{"href":"https:\/\/www.jkgrp.de\/index.php?rest_route=\/wp\/v2\/types\/post"}],"author":[{"embeddable":true,"href":"https:\/\/www.jkgrp.de\/index.php?rest_route=\/wp\/v2\/users\/1"}],"replies":[{"embeddable":true,"href":"https:\/\/www.jkgrp.de\/index.php?rest_route=%2Fwp%2Fv2%2Fcomments&post=2282"}],"version-history":[{"count":0,"href":"https:\/\/www.jkgrp.de\/index.php?rest_route=\/wp\/v2\/posts\/2282\/revisions"}],"wp:attachment":[{"href":"https:\/\/www.jkgrp.de\/index.php?rest_route=%2Fwp%2Fv2%2Fmedia&parent=2282"}],"wp:term":[{"taxonomy":"category","embeddable":true,"href":"https:\/\/www.jkgrp.de\/index.php?rest_route=%2Fwp%2Fv2%2Fcategories&post=2282"},{"taxonomy":"post_tag","embeddable":true,"href":"https:\/\/www.jkgrp.de\/index.php?rest_route=%2Fwp%2Fv2%2Ftags&post=2282"}],"curies":[{"name":"wp","href":"https:\/\/api.w.org\/{rel}","templated":true}]}}