{"id":2075,"date":"2013-02-03T13:03:47","date_gmt":"2013-02-03T11:03:47","guid":{"rendered":"http:\/\/www.jkgrp.de\/?p=2075"},"modified":"2013-02-03T13:03:47","modified_gmt":"2013-02-03T11:03:47","slug":"nachrichten-uber-juden-in-der-pfalz-3-february-2013","status":"publish","type":"post","link":"https:\/\/www.jkgrp.de\/?p=2075","title":{"rendered":"Nachrichten \u00fcber Juden in der Pfalz 3. February 2013"},"content":{"rendered":"<p class=\"scrd_header\">lkjkl<\/p>\n<ul class=\"scrd_digest\">\n<li><a href=\"http:\/\/news.google.com\/news\/url?sa=t&amp;fd=R&amp;usg=AFQjCNFhfK3jsGXyb129SghIug3aCQOU5g&amp;url=http:\/\/www.mmnews.de\/index.php\/politik\/11949-rede-von-geert-wilders\" rel=\"external\">Rede von Geert Wilders &#8211; MMnews<\/a>\n<div>\n<table border=\"0\" cellpadding=\"2\" cellspacing=\"7\" style=\"vertical-align:top\">\n<tr>\n<td width=\"80\" align=\"center\" valign=\"top\"><font style=\"font-size:85%;font-family:arial,sans-serif\"><\/font><\/td>\n<td valign=\"top\" class=\"j\"><font style=\"font-size:85%;font-family:arial,sans-serif\"><\/p>\n<div style=\"padding-top:0.8em\"><img alt=\"\" height=\"1\" width=\"1\" \/><\/div>\n<div class=\"lh\"><a href=\"http:\/\/news.google.com\/news\/url?sa=t&amp;fd=R&amp;usg=AFQjCNFhfK3jsGXyb129SghIug3aCQOU5g&amp;url=http:\/\/www.mmnews.de\/index.php\/politik\/11949-rede-von-geert-wilders\"><b>Rede von Geert Wilders<\/b><\/a><br \/><font size=\"-1\"><b><font color=\"#6f6f6f\">MMnews<\/font><\/b><\/font><br \/><font size=\"-1\">Im Februar erkl\u00e4rte Jochen Hartloff, der sozialdemokratische Justizminister von Rheinland-<b>Pfalz<\/b>, gegen\u00fcber der S\u00fcddeutschen Zeitung, dass er die Einf\u00fchrung der islamischen Scharia in familienrechtlichen Fragen in Deutschland bef\u00fcrworte, weil \u2013 ich <b>&#8230;<\/b><\/font><br \/><font size=\"-1\" class=\"p\"><\/font><br \/><font class=\"p\" size=\"-1\"><a class=\"p\" href=\"http:\/\/news.google.de\/news\/story?ncl=ddrvVTyPr559nAM&amp;ned=de\"><b>und weitere&nbsp;&raquo;<\/b><\/a><\/font><\/div>\n<p><\/font><\/td>\n<\/tr>\n<\/table>\n<\/div>\n<\/li>\n<\/ul>\n<p class=\"scrd_credit\">Digest powered by <a href=\"http:\/\/www.rssdigestpro.com\">RSS Digest<\/a><\/p>\n","protected":false},"excerpt":{"rendered":"<p>lkjkl Rede von Geert Wilders &#8211; MMnews Rede von Geert WildersMMnewsIm Februar erkl\u00e4rte Jochen Hartloff, der sozialdemokratische Justizminister von Rheinland-Pfalz, gegen\u00fcber der S\u00fcddeutschen Zeitung, dass er die Einf\u00fchrung der islamischen Scharia in familienrechtlichen Fragen in Deutschland bef\u00fcrworte, weil \u2013 ich &#8230;und weitere&nbsp;&raquo; Digest powered by RSS Digest<\/p>\n","protected":false},"author":1,"featured_media":0,"comment_status":"open","ping_status":"open","sticky":false,"template":"","format":"standard","meta":{"footnotes":""},"categories":[32],"tags":[],"class_list":["post-2075","post","type-post","status-publish","format-standard","hentry","category-presse"],"_links":{"self":[{"href":"https:\/\/www.jkgrp.de\/index.php?rest_route=\/wp\/v2\/posts\/2075","targetHints":{"allow":["GET"]}}],"collection":[{"href":"https:\/\/www.jkgrp.de\/index.php?rest_route=\/wp\/v2\/posts"}],"about":[{"href":"https:\/\/www.jkgrp.de\/index.php?rest_route=\/wp\/v2\/types\/post"}],"author":[{"embeddable":true,"href":"https:\/\/www.jkgrp.de\/index.php?rest_route=\/wp\/v2\/users\/1"}],"replies":[{"embeddable":true,"href":"https:\/\/www.jkgrp.de\/index.php?rest_route=%2Fwp%2Fv2%2Fcomments&post=2075"}],"version-history":[{"count":0,"href":"https:\/\/www.jkgrp.de\/index.php?rest_route=\/wp\/v2\/posts\/2075\/revisions"}],"wp:attachment":[{"href":"https:\/\/www.jkgrp.de\/index.php?rest_route=%2Fwp%2Fv2%2Fmedia&parent=2075"}],"wp:term":[{"taxonomy":"category","embeddable":true,"href":"https:\/\/www.jkgrp.de\/index.php?rest_route=%2Fwp%2Fv2%2Fcategories&post=2075"},{"taxonomy":"post_tag","embeddable":true,"href":"https:\/\/www.jkgrp.de\/index.php?rest_route=%2Fwp%2Fv2%2Ftags&post=2075"}],"curies":[{"name":"wp","href":"https:\/\/api.w.org\/{rel}","templated":true}]}}