{"id":2072,"date":"2013-01-31T13:01:33","date_gmt":"2013-01-31T11:01:33","guid":{"rendered":"http:\/\/www.jkgrp.de\/?p=2072"},"modified":"2013-01-31T13:01:33","modified_gmt":"2013-01-31T11:01:33","slug":"nachrichten-uber-juden-in-der-pfalz-31-january-2013","status":"publish","type":"post","link":"https:\/\/www.jkgrp.de\/?p=2072","title":{"rendered":"Nachrichten \u00fcber Juden in der Pfalz 31. January 2013"},"content":{"rendered":"<p class=\"scrd_header\">lkjkl<\/p>\n<ul class=\"scrd_digest\">\n<li><a href=\"http:\/\/news.google.com\/news\/url?sa=t&amp;fd=R&amp;usg=AFQjCNEBqYvgcezZg5QfXubdiuOfDS3TSQ&amp;url=http:\/\/www.allgemeine-zeitung.de\/region\/alzey\/vg-woerrstadt\/woerrstadt\/12792714.htm\" rel=\"external\">Gr\u00e4uel als Realit\u00e4t erfahrbar machen &#8211; Alzeyer Anzeiger<\/a>\n<div>\n<table border=\"0\" cellpadding=\"2\" cellspacing=\"7\" style=\"vertical-align:top\">\n<tr>\n<td width=\"80\" align=\"center\" valign=\"top\"><font style=\"font-size:85%;font-family:arial,sans-serif\"><\/font><\/td>\n<td valign=\"top\" class=\"j\"><font style=\"font-size:85%;font-family:arial,sans-serif\"><\/p>\n<div style=\"padding-top:0.8em\"><img alt=\"\" height=\"1\" width=\"1\" \/><\/div>\n<div class=\"lh\"><a href=\"http:\/\/news.google.com\/news\/url?sa=t&amp;fd=R&amp;usg=AFQjCNEBqYvgcezZg5QfXubdiuOfDS3TSQ&amp;url=http:\/\/www.allgemeine-zeitung.de\/region\/alzey\/vg-woerrstadt\/woerrstadt\/12792714.htm\"><b>Gr\u00e4uel als Realit\u00e4t erfahrbar machen<\/b><\/a><br \/><font size=\"-1\"><b><font color=\"#6f6f6f\">Alzeyer Anzeiger<\/font><\/b><\/font><br \/><font size=\"-1\">Eine Karte von Rheinland-<b>Pfalz<\/b> mit allen damaligen nationalsozialistischen Lagern, Gef\u00e4ngnissen, Zuchth\u00e4usern sowie Heil- und Pflegeanstalten verdeutlicht das Ausma\u00df des menschenverachtenden Vorgehens im Dritten Reich. \u201eDie Sch\u00fcler haben das <b>&#8230;<\/b><\/font><br \/><font size=\"-1\" class=\"p\"><\/font><br \/><font class=\"p\" size=\"-1\"><a class=\"p\" href=\"http:\/\/news.google.de\/news\/story?ncl=dcC117PgTxtA7gM&amp;ned=de\"><b><\/b><\/a><\/font><\/div>\n<p><\/font><\/td>\n<\/tr>\n<\/table>\n<\/div>\n<\/li>\n<\/ul>\n<p class=\"scrd_credit\">Digest powered by <a href=\"http:\/\/www.rssdigestpro.com\">RSS Digest<\/a><\/p>\n","protected":false},"excerpt":{"rendered":"<p>lkjkl Gr\u00e4uel als Realit\u00e4t erfahrbar machen &#8211; Alzeyer Anzeiger Gr\u00e4uel als Realit\u00e4t erfahrbar machenAlzeyer AnzeigerEine Karte von Rheinland-Pfalz mit allen damaligen nationalsozialistischen Lagern, Gef\u00e4ngnissen, Zuchth\u00e4usern sowie Heil- und Pflegeanstalten verdeutlicht das Ausma\u00df des menschenverachtenden Vorgehens im Dritten Reich. \u201eDie Sch\u00fcler haben das &#8230; Digest powered by RSS Digest<\/p>\n","protected":false},"author":1,"featured_media":0,"comment_status":"open","ping_status":"open","sticky":false,"template":"","format":"standard","meta":{"footnotes":""},"categories":[32],"tags":[],"class_list":["post-2072","post","type-post","status-publish","format-standard","hentry","category-presse"],"_links":{"self":[{"href":"https:\/\/www.jkgrp.de\/index.php?rest_route=\/wp\/v2\/posts\/2072","targetHints":{"allow":["GET"]}}],"collection":[{"href":"https:\/\/www.jkgrp.de\/index.php?rest_route=\/wp\/v2\/posts"}],"about":[{"href":"https:\/\/www.jkgrp.de\/index.php?rest_route=\/wp\/v2\/types\/post"}],"author":[{"embeddable":true,"href":"https:\/\/www.jkgrp.de\/index.php?rest_route=\/wp\/v2\/users\/1"}],"replies":[{"embeddable":true,"href":"https:\/\/www.jkgrp.de\/index.php?rest_route=%2Fwp%2Fv2%2Fcomments&post=2072"}],"version-history":[{"count":0,"href":"https:\/\/www.jkgrp.de\/index.php?rest_route=\/wp\/v2\/posts\/2072\/revisions"}],"wp:attachment":[{"href":"https:\/\/www.jkgrp.de\/index.php?rest_route=%2Fwp%2Fv2%2Fmedia&parent=2072"}],"wp:term":[{"taxonomy":"category","embeddable":true,"href":"https:\/\/www.jkgrp.de\/index.php?rest_route=%2Fwp%2Fv2%2Fcategories&post=2072"},{"taxonomy":"post_tag","embeddable":true,"href":"https:\/\/www.jkgrp.de\/index.php?rest_route=%2Fwp%2Fv2%2Ftags&post=2072"}],"curies":[{"name":"wp","href":"https:\/\/api.w.org\/{rel}","templated":true}]}}