{"id":2069,"date":"2013-01-29T13:13:41","date_gmt":"2013-01-29T11:13:41","guid":{"rendered":"http:\/\/www.jkgrp.de\/?p=2069"},"modified":"2013-01-29T13:13:41","modified_gmt":"2013-01-29T11:13:41","slug":"nachrichten-uber-juden-in-der-pfalz-29-january-2013","status":"publish","type":"post","link":"https:\/\/www.jkgrp.de\/?p=2069","title":{"rendered":"Nachrichten \u00fcber Juden in der Pfalz 29. January 2013"},"content":{"rendered":"<p class=\"scrd_header\">lkjkl<\/p>\n<ul class=\"scrd_digest\">\n<li><a href=\"http:\/\/news.google.com\/news\/url?sa=t&amp;fd=R&amp;usg=AFQjCNEtIwc6LQWMShocXmKTIejY-yXThw&amp;url=http:\/\/www.swr.de\/nachrichten\/rp\/-\/id%3D1682\/nid%3D1682\/did%3D10922750\/1x9q27b\/\" rel=\"external\">Nachrichten verpasst? Aktuelle Radionachrichten &#8211; SWR Nachrichten<\/a>\n<div>\n<table border=\"0\" cellpadding=\"2\" cellspacing=\"7\" style=\"vertical-align:top\">\n<tr>\n<td width=\"80\" align=\"center\" valign=\"top\"><font style=\"font-size:85%;font-family:arial,sans-serif\"><\/font><\/td>\n<td valign=\"top\" class=\"j\"><font style=\"font-size:85%;font-family:arial,sans-serif\"><\/p>\n<div style=\"padding-top:0.8em\"><img alt=\"\" height=\"1\" width=\"1\" \/><\/div>\n<div class=\"lh\"><a href=\"http:\/\/news.google.com\/news\/url?sa=t&amp;fd=R&amp;usg=AFQjCNEtIwc6LQWMShocXmKTIejY-yXThw&amp;url=http:\/\/www.swr.de\/nachrichten\/rp\/-\/id%3D1682\/nid%3D1682\/did%3D10922750\/1x9q27b\/\"><b>Nachrichten verpasst? Aktuelle Radionachrichten<\/b><\/a><br \/><font size=\"-1\"><b><font color=\"#6f6f6f\">SWR Nachrichten<\/font><\/b><\/font><br \/><font size=\"-1\">Diese hatte argumentiert, Stolpersteine seien ungeeignet f\u00fcr ein w\u00fcrdiges Gedenken, da das Ansehen der Opfer quasi mit F\u00fc\u00dfen getreten werde. Stolpersteine sind Gedenktafeln, die ins Stra\u00dfenpflaster eingelassen werden. Die <b>J\u00fcdische<\/b> Kultusgemeinde der <b>&#8230;<\/b><\/font><br \/><font size=\"-1\" class=\"p\"><\/font><br \/><font class=\"p\" size=\"-1\"><a class=\"p\" href=\"http:\/\/news.google.de\/news\/story?ncl=dk_NVR0sRCW6ESM&amp;ned=de\"><b><\/b><\/a><\/font><\/div>\n<p><\/font><\/td>\n<\/tr>\n<\/table>\n<\/div>\n<\/li>\n<\/ul>\n<p class=\"scrd_credit\">Digest powered by <a href=\"http:\/\/www.rssdigestpro.com\">RSS Digest<\/a><\/p>\n","protected":false},"excerpt":{"rendered":"<p>lkjkl Nachrichten verpasst? Aktuelle Radionachrichten &#8211; SWR Nachrichten Nachrichten verpasst? Aktuelle RadionachrichtenSWR NachrichtenDiese hatte argumentiert, Stolpersteine seien ungeeignet f\u00fcr ein w\u00fcrdiges Gedenken, da das Ansehen der Opfer quasi mit F\u00fc\u00dfen getreten werde. Stolpersteine sind Gedenktafeln, die ins Stra\u00dfenpflaster eingelassen werden. Die J\u00fcdische Kultusgemeinde der &#8230; Digest powered by RSS Digest<\/p>\n","protected":false},"author":1,"featured_media":0,"comment_status":"open","ping_status":"open","sticky":false,"template":"","format":"standard","meta":{"footnotes":""},"categories":[32],"tags":[],"class_list":["post-2069","post","type-post","status-publish","format-standard","hentry","category-presse"],"_links":{"self":[{"href":"https:\/\/www.jkgrp.de\/index.php?rest_route=\/wp\/v2\/posts\/2069","targetHints":{"allow":["GET"]}}],"collection":[{"href":"https:\/\/www.jkgrp.de\/index.php?rest_route=\/wp\/v2\/posts"}],"about":[{"href":"https:\/\/www.jkgrp.de\/index.php?rest_route=\/wp\/v2\/types\/post"}],"author":[{"embeddable":true,"href":"https:\/\/www.jkgrp.de\/index.php?rest_route=\/wp\/v2\/users\/1"}],"replies":[{"embeddable":true,"href":"https:\/\/www.jkgrp.de\/index.php?rest_route=%2Fwp%2Fv2%2Fcomments&post=2069"}],"version-history":[{"count":0,"href":"https:\/\/www.jkgrp.de\/index.php?rest_route=\/wp\/v2\/posts\/2069\/revisions"}],"wp:attachment":[{"href":"https:\/\/www.jkgrp.de\/index.php?rest_route=%2Fwp%2Fv2%2Fmedia&parent=2069"}],"wp:term":[{"taxonomy":"category","embeddable":true,"href":"https:\/\/www.jkgrp.de\/index.php?rest_route=%2Fwp%2Fv2%2Fcategories&post=2069"},{"taxonomy":"post_tag","embeddable":true,"href":"https:\/\/www.jkgrp.de\/index.php?rest_route=%2Fwp%2Fv2%2Ftags&post=2069"}],"curies":[{"name":"wp","href":"https:\/\/api.w.org\/{rel}","templated":true}]}}