{"id":2056,"date":"2013-01-27T12:55:43","date_gmt":"2013-01-27T10:55:43","guid":{"rendered":"http:\/\/www.jkgrp.de\/?p=2056"},"modified":"2013-01-27T12:55:43","modified_gmt":"2013-01-27T10:55:43","slug":"nachrichten-uber-juden-in-der-pfalz-27-january-2013","status":"publish","type":"post","link":"https:\/\/www.jkgrp.de\/?p=2056","title":{"rendered":"Nachrichten \u00fcber Juden in der Pfalz 27. January 2013"},"content":{"rendered":"<p class=\"scrd_header\">lkjkl<\/p>\n<ul class=\"scrd_digest\">\n<li><a href=\"http:\/\/news.google.com\/news\/url?sa=t&amp;fd=R&amp;usg=AFQjCNGOn4zwgZ9mbkwSQ06TdEsCTqCY1w&amp;url=http:\/\/www.swr.de\/nachrichten\/rp\/-\/id%3D1682\/nid%3D1682\/did%3D10919538\/dvkib0\/\" rel=\"external\">Mahnmal f\u00fcr Zwangsarbeiter &#8211; SWR Nachrichten<\/a>\n<div>\n<table border=\"0\" cellpadding=\"2\" cellspacing=\"7\" style=\"vertical-align:top\">\n<tr>\n<td width=\"80\" align=\"center\" valign=\"top\"><font style=\"font-size:85%;font-family:arial,sans-serif\"><\/font><\/td>\n<td valign=\"top\" class=\"j\"><font style=\"font-size:85%;font-family:arial,sans-serif\"><\/p>\n<div style=\"padding-top:0.8em\"><img alt=\"\" height=\"1\" width=\"1\" \/><\/div>\n<div class=\"lh\"><a href=\"http:\/\/news.google.com\/news\/url?sa=t&amp;fd=R&amp;usg=AFQjCNGOn4zwgZ9mbkwSQ06TdEsCTqCY1w&amp;url=http:\/\/www.swr.de\/nachrichten\/rp\/-\/id%3D1682\/nid%3D1682\/did%3D10919538\/dvkib0\/\"><b>Mahnmal f\u00fcr Zwangsarbeiter<\/b><\/a><br \/><font size=\"-1\"><b><font color=\"#6f6f6f\">SWR Nachrichten<\/font><\/b><\/font><br \/><font size=\"-1\">Die Enth\u00fcllung findet im Rahmen einer Feierstunde statt, die von der Stadt Wittlich, dem Emil-Frank-Institut, dem Arbeitskreis &quot;<b>J\u00fcdische<\/b> Gemeinde Wittlich&quot; und dem F\u00f6rderverein gemeinsam organisiert wurde. Der Holocaust-Gedenktag erinnert an die <b>&#8230;<\/b><\/font><br \/><font size=\"-1\" class=\"p\"><\/font><br \/><font class=\"p\" size=\"-1\"><a class=\"p\" href=\"http:\/\/news.google.de\/news\/story?ncl=dU_scwE-q27bbpM&amp;ned=de\"><b><\/b><\/a><\/font><\/div>\n<p><\/font><\/td>\n<\/tr>\n<\/table>\n<\/div>\n<\/li>\n<li><a href=\"http:\/\/news.google.com\/news\/url?sa=t&amp;fd=R&amp;usg=AFQjCNFRmLr2l1pQ6LYIVp_dtk91gmMVxQ&amp;url=http:\/\/www.16vor.de\/index.php\/2013\/01\/27\/und-bin-auch-ich-zum-tode-verurteilt\/\" rel=\"external\">\u201c\u2026und bin auch ich zum Tode verurteilt\u201d &#8211; 16vor<\/a>\n<div>\n<table border=\"0\" cellpadding=\"2\" cellspacing=\"7\" style=\"vertical-align:top\">\n<tr>\n<td width=\"80\" align=\"center\" valign=\"top\"><font style=\"font-size:85%;font-family:arial,sans-serif\"><a href=\"http:\/\/news.google.com\/news\/url?sa=t&amp;fd=R&amp;usg=AFQjCNFRmLr2l1pQ6LYIVp_dtk91gmMVxQ&amp;url=http:\/\/www.16vor.de\/index.php\/2013\/01\/27\/und-bin-auch-ich-zum-tode-verurteilt\/\"><img loading=\"lazy\" decoding=\"async\" src=\"\/\/nt1.ggpht.com\/news\/tbn\/ZZlq6yuK7ynLUM\/0.jpg\" alt=\"\" border=\"1\" width=\"65\" height=\"80\" \/><br \/><font size=\"-2\">16vor<\/font><\/a><\/font><\/td>\n<td valign=\"top\" class=\"j\"><font style=\"font-size:85%;font-family:arial,sans-serif\"><\/p>\n<div style=\"padding-top:0.8em\"><img alt=\"\" height=\"1\" width=\"1\" \/><\/div>\n<div class=\"lh\"><a href=\"http:\/\/news.google.com\/news\/url?sa=t&amp;fd=R&amp;usg=AFQjCNFRmLr2l1pQ6LYIVp_dtk91gmMVxQ&amp;url=http:\/\/www.16vor.de\/index.php\/2013\/01\/27\/und-bin-auch-ich-zum-tode-verurteilt\/\"><b>\u201c\u2026und bin auch ich zum Tode verurteilt\u201d<\/b><\/a><br \/><font size=\"-1\"><b><font color=\"#6f6f6f\">16vor<\/font><\/b><\/font><br \/><font size=\"-1\">Gedenkarbeit und Leben ohne Diskriminierung in der Gro\u00dfregion SaarLorLux-Rheinland-<b>Pfalz<\/b> und Wallonien e.V.\u201d Das Buch \u201cDer \u00dcberlebenskampf <b>j\u00fcdischer<\/b> Deportierter aus Luxemburg und der Trierer Region im Getto Litzmannstadt\u201d ist im Blattlausverlag <b>&#8230;<\/b><\/font><br \/><font size=\"-1\" class=\"p\"><\/font><br \/><font class=\"p\" size=\"-1\"><a class=\"p\" href=\"http:\/\/news.google.de\/news\/story?ncl=dnhuYY6cP8-dSEM&amp;ned=de\"><b><\/b><\/a><\/font><\/div>\n<p><\/font><\/td>\n<\/tr>\n<\/table>\n<\/div>\n<\/li>\n<li><a href=\"http:\/\/news.google.com\/news\/url?sa=t&amp;fd=R&amp;usg=AFQjCNEb5NnAJ8efgtDFRg0AV64l7DJk_A&amp;url=http:\/\/video.stuttgarter-zeitung.de\/index.php?bcpid%3D6936081001%26bclid%3D3612811001%26bctid%3D2117987940001\" rel=\"external\">Anti-Mursi-Proteste in Kairo &#8211; Stuttgarter Zeitung<\/a>\n<div>\n<table border=\"0\" cellpadding=\"2\" cellspacing=\"7\" style=\"vertical-align:top\">\n<tr>\n<td width=\"80\" align=\"center\" valign=\"top\"><font style=\"font-size:85%;font-family:arial,sans-serif\"><\/font><\/td>\n<td valign=\"top\" class=\"j\"><font style=\"font-size:85%;font-family:arial,sans-serif\"><\/p>\n<div style=\"padding-top:0.8em\"><img alt=\"\" height=\"1\" width=\"1\" \/><\/div>\n<div class=\"lh\"><a href=\"http:\/\/news.google.com\/news\/url?sa=t&amp;fd=R&amp;usg=AFQjCNEb5NnAJ8efgtDFRg0AV64l7DJk_A&amp;url=http:\/\/video.stuttgarter-zeitung.de\/index.php?bcpid%3D6936081001%26bclid%3D3612811001%26bctid%3D2117987940001\"><b>Anti-Mursi-Proteste in Kairo<\/b><\/a><br \/><font size=\"-1\"><b><font color=\"#6f6f6f\">Stuttgarter Zeitung<\/font><\/b><\/font><br \/><font size=\"-1\">Kurt Beck geht \u2013 Malu Dreyer kommt. Mainz, 16.01.13: In Rheinland-<b>Pfalz<\/b> endete am Mittwoch eine \u00c4ra \u2013 nach 18 Jahren im Amt gab Ministerpr\u00e4sident Kurt Beck die Regierungsgesch\u00e4fte in die H\u00e4nde von Sozialministerin Marie Luise Dreyer. Auch sein <b>&#8230;<\/b><\/font><br \/><font size=\"-1\" class=\"p\"><\/font><br \/><font class=\"p\" size=\"-1\"><a class=\"p\" href=\"http:\/\/news.google.de\/news\/story?ncl=dxdukk5jI23UidM&amp;ned=de\"><b><\/b><\/a><\/font><\/div>\n<p><\/font><\/td>\n<\/tr>\n<\/table>\n<\/div>\n<\/li>\n<li><a href=\"http:\/\/news.google.com\/news\/url?sa=t&amp;fd=R&amp;usg=AFQjCNGS3OYo67heEQrqZQy7UCTWoH4cgw&amp;url=http:\/\/www.focus.de\/politik\/deutschland\/liberale-in-der-krise-stern-reporterin-beklagt-anzueglichkeiten-bruederles_aid_904451.html\" rel=\"external\">Liberale in der Krise: \u201eStern\u201c-Reporterin beklagt Anz\u00fcglichkeiten Br\u00fcderles &#8211; FOCUS Online<\/a>\n<div>\n<table border=\"0\" cellpadding=\"2\" cellspacing=\"7\" style=\"vertical-align:top\">\n<tr>\n<td width=\"80\" align=\"center\" valign=\"top\"><font style=\"font-size:85%;font-family:arial,sans-serif\"><\/font><\/td>\n<td valign=\"top\" class=\"j\"><font style=\"font-size:85%;font-family:arial,sans-serif\"><\/p>\n<div style=\"padding-top:0.8em\"><img alt=\"\" height=\"1\" width=\"1\" \/><\/div>\n<div class=\"lh\"><a href=\"http:\/\/news.google.com\/news\/url?sa=t&amp;fd=R&amp;usg=AFQjCNGS3OYo67heEQrqZQy7UCTWoH4cgw&amp;url=http:\/\/www.focus.de\/politik\/deutschland\/liberale-in-der-krise-stern-reporterin-beklagt-anzueglichkeiten-bruederles_aid_904451.html\"><b>Liberale in der Krise: \u201eStern\u201c-Reporterin beklagt Anz\u00fcglichkeiten Br\u00fcderles<\/b><\/a><br \/><font size=\"-1\"><b><font color=\"#6f6f6f\">FOCUS Online<\/font><\/b><\/font><br \/><font size=\"-1\">So besuchte sie mit ihm im vergangenen Fr\u00fchjahr einen Milchviehbetrieb in Schleswig-Holstein, begleitete ihn ins <b>J\u00fcdische<\/b> Zentrum Berlin und war auch am vorletzten Donnerstag mit ihm im nieders\u00e4chsischen Wahlkampf unterwegs. Ebenso wie FOCUS Online <b>&#8230;<\/b><\/font><br \/><font size=\"-1\" class=\"p\"><\/font><br \/><font class=\"p\" size=\"-1\"><a class=\"p\" href=\"http:\/\/news.google.de\/news\/story?ncl=digvFeCIFnPnxDM&amp;ned=de\"><b>und weitere&nbsp;&raquo;<\/b><\/a><\/font><\/div>\n<p><\/font><\/td>\n<\/tr>\n<\/table>\n<\/div>\n<\/li>\n<li><a href=\"http:\/\/news.google.com\/news\/url?sa=t&amp;fd=R&amp;usg=AFQjCNGyxa0nwuxa1M8vUgvGV-u7tdAd4w&amp;url=http:\/\/www.nrw.vvn-bda.de\/texte\/1044_erinnerungskultur_oberhausen.htm\" rel=\"external\">&quot;Eine immerw\u00e4hrende Auseinandersetzung&quot; &#8211; Katalogbuch der Gedenkhalle &#8230; &#8211; VVN\/BdA<\/a>\n<div>\n<table border=\"0\" cellpadding=\"2\" cellspacing=\"7\" style=\"vertical-align:top\">\n<tr>\n<td width=\"80\" align=\"center\" valign=\"top\"><font style=\"font-size:85%;font-family:arial,sans-serif\"><\/font><\/td>\n<td valign=\"top\" class=\"j\"><font style=\"font-size:85%;font-family:arial,sans-serif\"><\/p>\n<div style=\"padding-top:0.8em\"><img alt=\"\" height=\"1\" width=\"1\" \/><\/div>\n<div class=\"lh\"><a href=\"http:\/\/news.google.com\/news\/url?sa=t&amp;fd=R&amp;usg=AFQjCNGyxa0nwuxa1M8vUgvGV-u7tdAd4w&amp;url=http:\/\/www.nrw.vvn-bda.de\/texte\/1044_erinnerungskultur_oberhausen.htm\"><b>&quot;Eine immerw\u00e4hrende Auseinandersetzung&quot; &#8211; Katalogbuch der Gedenkhalle <\/b><b>&#8230;<\/b><\/a><br \/><font size=\"-1\"><b><font color=\"#6f6f6f\">VVN\/BdA<\/font><\/b><\/font><br \/><font size=\"-1\">Erinnerungsorte an den Nationalsozialismus in Nordrhein-Westfalen ; Lotta Sonderausgabe der antifaschistischen Zeitung aus NRW, Rheinland-<b>Pfalz<\/b> und Hessen Nr. 42 (2011); Alfons Kenkmann, Erinnern an die Opfer des Nationalsozialismus \u2013 Zur Tradition der <b>&#8230;<\/b><\/font><br \/><font size=\"-1\" class=\"p\"><\/font><br \/><font class=\"p\" size=\"-1\"><a class=\"p\" href=\"http:\/\/news.google.de\/news\/story?ncl=d9m9eTH9Mo8B0LM&amp;ned=de\"><b><\/b><\/a><\/font><\/div>\n<p><\/font><\/td>\n<\/tr>\n<\/table>\n<\/div>\n<\/li>\n<li><a href=\"http:\/\/news.google.com\/news\/url?sa=t&amp;fd=R&amp;usg=AFQjCNFv2wlSXSNW757EfABaTG5uBtASRQ&amp;url=http:\/\/www.morgenweb.de\/region\/mannheimer-morgen\/metropolregion\/ein-stuck-vom-altesten-pfalzer-1.879018\" rel=\"external\">Ein St\u00fcck vom \u201e\u00e4ltesten Pf\u00e4lzer\u201c &#8211; Morgenweb<\/a>\n<div>\n<table border=\"0\" cellpadding=\"2\" cellspacing=\"7\" style=\"vertical-align:top\">\n<tr>\n<td width=\"80\" align=\"center\" valign=\"top\"><font style=\"font-size:85%;font-family:arial,sans-serif\"><a href=\"http:\/\/news.google.com\/news\/url?sa=t&amp;fd=R&amp;usg=AFQjCNFv2wlSXSNW757EfABaTG5uBtASRQ&amp;url=http:\/\/www.morgenweb.de\/region\/mannheimer-morgen\/metropolregion\/ein-stuck-vom-altesten-pfalzer-1.879018\"><img loading=\"lazy\" decoding=\"async\" src=\"\/\/nt1.ggpht.com\/news\/tbn\/oTMCQqkgpnaspM\/0.jpg\" alt=\"\" border=\"1\" width=\"80\" height=\"36\" \/><br \/><font size=\"-2\">Morgenweb<\/font><\/a><\/font><\/td>\n<td valign=\"top\" class=\"j\"><font style=\"font-size:85%;font-family:arial,sans-serif\"><\/p>\n<div style=\"padding-top:0.8em\"><img alt=\"\" height=\"1\" width=\"1\" \/><\/div>\n<div class=\"lh\"><a href=\"http:\/\/news.google.com\/news\/url?sa=t&amp;fd=R&amp;usg=AFQjCNFv2wlSXSNW757EfABaTG5uBtASRQ&amp;url=http:\/\/www.morgenweb.de\/region\/mannheimer-morgen\/metropolregion\/ein-stuck-vom-altesten-pfalzer-1.879018\"><b>Ein St\u00fcck vom \u201e\u00e4ltesten Pf\u00e4lzer\u201c<\/b><\/a><br \/><font size=\"-1\"><b><font color=\"#6f6f6f\">Morgenweb<\/font><\/b><\/font><br \/><font size=\"-1\">Dinge, die Jahrhunderte unter der Erde gelegen hatten, konnte der Konservator am Historischen Museum der <b>Pfalz<\/b> in Speyer mit wenigen Blicken einordnen. <b>&#8230;<\/b> Der Sohn <b>j\u00fcdischer<\/b> Eltern konvertierte als junger Mann zum Christentum, arbeitete im 1.<\/font><br \/><font size=\"-1\" class=\"p\"><\/font><br \/><font class=\"p\" size=\"-1\"><a class=\"p\" href=\"http:\/\/news.google.de\/news\/story?ncl=d3ioklpWFOo1VNM&amp;ned=de\"><b><\/b><\/a><\/font><\/div>\n<p><\/font><\/td>\n<\/tr>\n<\/table>\n<\/div>\n<\/li>\n<li><a href=\"http:\/\/news.google.com\/news\/url?sa=t&amp;fd=R&amp;usg=AFQjCNHugfq7UzCbUpX8D20rGhnOhlwvhw&amp;url=http:\/\/www.mrn-news.de\/news\/neustadt-vorschau-auf-das-neustadter-kulturfest-2013-eine-ganze-stadt-zeigt-ihr-kreatives-potenzial-70250\/\" rel=\"external\">Neustadt &#8211; Vorschau auf das Neustadter Kulturfest 2013: Eine ganze Stadt zeigt &#8230; &#8211; Metropolregion Rheinnneckar News<\/a>\n<div>\n<table border=\"0\" cellpadding=\"2\" cellspacing=\"7\" style=\"vertical-align:top\">\n<tr>\n<td width=\"80\" align=\"center\" valign=\"top\"><font style=\"font-size:85%;font-family:arial,sans-serif\"><a href=\"http:\/\/news.google.com\/news\/url?sa=t&amp;fd=R&amp;usg=AFQjCNHugfq7UzCbUpX8D20rGhnOhlwvhw&amp;url=http:\/\/www.mrn-news.de\/news\/neustadt-vorschau-auf-das-neustadter-kulturfest-2013-eine-ganze-stadt-zeigt-ihr-kreatives-potenzial-70250\/\"><img loading=\"lazy\" decoding=\"async\" src=\"\/\/nt3.ggpht.com\/news\/tbn\/d0e4zqb5znanhM\/0.jpg\" alt=\"\" border=\"1\" width=\"80\" height=\"57\" \/><br \/><font size=\"-2\">Metropolregion Rheinnneckar News<\/font><\/a><\/font><\/td>\n<td valign=\"top\" class=\"j\"><font style=\"font-size:85%;font-family:arial,sans-serif\"><\/p>\n<div style=\"padding-top:0.8em\"><img alt=\"\" height=\"1\" width=\"1\" \/><\/div>\n<div class=\"lh\"><a href=\"http:\/\/news.google.com\/news\/url?sa=t&amp;fd=R&amp;usg=AFQjCNHugfq7UzCbUpX8D20rGhnOhlwvhw&amp;url=http:\/\/www.mrn-news.de\/news\/neustadt-vorschau-auf-das-neustadter-kulturfest-2013-eine-ganze-stadt-zeigt-ihr-kreatives-potenzial-70250\/\"><b>Neustadt &#8211; Vorschau auf das Neustadter Kulturfest 2013: Eine ganze Stadt zeigt <\/b><b>&#8230;<\/b><\/a><br \/><font size=\"-1\"><b><font color=\"#6f6f6f\">Metropolregion Rheinnneckar News<\/font><\/b><\/font><br \/><font size=\"-1\">Ebenfalls zur Er\u00f6ffnung findet zum zweiten Mal die \u201ePf\u00e4lzer Buchmesse\u201c mit begleitenden Lesungen statt, auf der Verlage aus der <b>Pfalz<\/b> und der Kurpfalz ihr umfangreiches Angebot pr\u00e4sentieren. Spezielle G\u00e4ste sind <b>&#8230;<\/b> Premiere feiern w\u00e4hrend des <b>&#8230;<\/b><\/font><br \/><font size=\"-1\" class=\"p\"><\/font><br \/><font class=\"p\" size=\"-1\"><a class=\"p\" href=\"http:\/\/news.google.de\/news\/story?ncl=dd_SlmmND-jdLmM&amp;ned=de\"><b>und weitere&nbsp;&raquo;<\/b><\/a><\/font><\/div>\n<p><\/font><\/td>\n<\/tr>\n<\/table>\n<\/div>\n<\/li>\n<li><a href=\"http:\/\/news.google.com\/news\/url?sa=t&amp;fd=R&amp;usg=AFQjCNFCIDLeYapdMffw27K1q8LsWxjjdA&amp;url=http:\/\/www.rhein-zeitung.de\/region\/hunsrueck_artikel,-Bundespraesident-ehrt-verdiente-Hunsruecker-_arid,540918.html\" rel=\"external\">Bundespr\u00e4sident ehrt verdiente Hunsr\u00fccker &#8211; Rhein-Zeitung<\/a>\n<div>\n<table border=\"0\" cellpadding=\"2\" cellspacing=\"7\" style=\"vertical-align:top\">\n<tr>\n<td width=\"80\" align=\"center\" valign=\"top\"><font style=\"font-size:85%;font-family:arial,sans-serif\"><a href=\"http:\/\/news.google.com\/news\/url?sa=t&amp;fd=R&amp;usg=AFQjCNFCIDLeYapdMffw27K1q8LsWxjjdA&amp;url=http:\/\/www.rhein-zeitung.de\/region\/hunsrueck_artikel,-Bundespraesident-ehrt-verdiente-Hunsruecker-_arid,540918.html\"><img loading=\"lazy\" decoding=\"async\" src=\"\/\/nt2.ggpht.com\/news\/tbn\/ZrQ1VQbVYjs3jM\/0.jpg\" alt=\"\" border=\"1\" width=\"80\" height=\"60\" \/><br \/><font size=\"-2\">Rhein-Zeitung<\/font><\/a><\/font><\/td>\n<td valign=\"top\" class=\"j\"><font style=\"font-size:85%;font-family:arial,sans-serif\"><\/p>\n<div style=\"padding-top:0.8em\"><img alt=\"\" height=\"1\" width=\"1\" \/><\/div>\n<div class=\"lh\"><a href=\"http:\/\/news.google.com\/news\/url?sa=t&amp;fd=R&amp;usg=AFQjCNFCIDLeYapdMffw27K1q8LsWxjjdA&amp;url=http:\/\/www.rhein-zeitung.de\/region\/hunsrueck_artikel,-Bundespraesident-ehrt-verdiente-Hunsruecker-_arid,540918.html\"><b>Bundespr\u00e4sident ehrt verdiente Hunsr\u00fccker<\/b><\/a><br \/><font size=\"-1\"><b><font color=\"#6f6f6f\">Rhein-Zeitung<\/font><\/b><\/font><br \/><font size=\"-1\">Denn eines, darin sind sich die Mitglieder des F\u00f6rdervereins einig, ist sicher: Die <b>j\u00fcdische<\/b> Gemeinde und ihr trauriges Schicksal d\u00fcrfen niemals in Vergessenheit geraten. Hermann und Gisela Wagner engagieren sich allerdings nicht nur im <b>&#8230;<\/b> Und Gisela <b>&#8230;<\/b><\/font><br \/><font size=\"-1\" class=\"p\"><\/font><br \/><font class=\"p\" size=\"-1\"><a class=\"p\" href=\"http:\/\/news.google.de\/news\/story?ncl=dDbGTN1ITqKRksM&amp;ned=de\"><b><\/b><\/a><\/font><\/div>\n<p><\/font><\/td>\n<\/tr>\n<\/table>\n<\/div>\n<\/li>\n<li><a href=\"http:\/\/news.google.com\/news\/url?sa=t&amp;fd=R&amp;usg=AFQjCNHqgi4NUTjqbfr9zB2B6a3KFHUQvg&amp;url=http:\/\/www.mittelhessen.de\/lokales\/region-wetzlar_artikel,-Holen-Kunst-in-die-Kirche-_arid,76712.html\" rel=\"external\">&quot;Holen Kunst in die Kirche&quot; &#8211; mittelhessen.de<\/a>\n<div>\n<table border=\"0\" cellpadding=\"2\" cellspacing=\"7\" style=\"vertical-align:top\">\n<tr>\n<td width=\"80\" align=\"center\" valign=\"top\"><font style=\"font-size:85%;font-family:arial,sans-serif\"><\/font><\/td>\n<td valign=\"top\" class=\"j\"><font style=\"font-size:85%;font-family:arial,sans-serif\"><\/p>\n<div style=\"padding-top:0.8em\"><img alt=\"\" height=\"1\" width=\"1\" \/><\/div>\n<div class=\"lh\"><a href=\"http:\/\/news.google.com\/news\/url?sa=t&amp;fd=R&amp;usg=AFQjCNHqgi4NUTjqbfr9zB2B6a3KFHUQvg&amp;url=http:\/\/www.mittelhessen.de\/lokales\/region-wetzlar_artikel,-Holen-Kunst-in-die-Kirche-_arid,76712.html\"><b>&quot;Holen Kunst in die Kirche&quot;<\/b><\/a><br \/><font size=\"-1\"><b><font color=\"#6f6f6f\">mittelhessen.de<\/font><\/b><\/font><br \/><font size=\"-1\">Nach <b>j\u00fcdischer<\/b> Tradition sei immer ein Stuhl und ein Gedeck am Tisch mehr vorhanden als G\u00e4ste da seien und dies in Erwartung des Messias. <b>&#8230;<\/b> Mit ihrem Kunstwerk &quot;Sehnsuchtsfeuer einer gefangenen Seele&quot;, f\u00fcr das sie den ersten Preis in der <b>&#8230;<\/b><\/font><br \/><font size=\"-1\" class=\"p\"><\/font><br \/><font class=\"p\" size=\"-1\"><a class=\"p\" href=\"http:\/\/news.google.de\/news\/story?ncl=dDDODccHm1DiaHM&amp;ned=de\"><b><\/b><\/a><\/font><\/div>\n<p><\/font><\/td>\n<\/tr>\n<\/table>\n<\/div>\n<\/li>\n<\/ul>\n<p class=\"scrd_credit\">Digest powered by <a href=\"http:\/\/www.rssdigestpro.com\">RSS Digest<\/a><\/p>\n","protected":false},"excerpt":{"rendered":"<p>lkjkl Mahnmal f\u00fcr Zwangsarbeiter &#8211; SWR Nachrichten Mahnmal f\u00fcr ZwangsarbeiterSWR NachrichtenDie Enth\u00fcllung findet im Rahmen einer Feierstunde statt, die von der Stadt Wittlich, dem Emil-Frank-Institut, dem Arbeitskreis &quot;J\u00fcdische Gemeinde Wittlich&quot; und dem F\u00f6rderverein gemeinsam organisiert wurde. Der Holocaust-Gedenktag erinnert an die &#8230; \u201c\u2026und bin auch ich zum Tode verurteilt\u201d &#8211; 16vor 16vor \u201c\u2026und bin auch&#8230;<\/p>\n","protected":false},"author":1,"featured_media":0,"comment_status":"open","ping_status":"open","sticky":false,"template":"","format":"standard","meta":{"footnotes":""},"categories":[32],"tags":[],"class_list":["post-2056","post","type-post","status-publish","format-standard","hentry","category-presse"],"_links":{"self":[{"href":"https:\/\/www.jkgrp.de\/index.php?rest_route=\/wp\/v2\/posts\/2056","targetHints":{"allow":["GET"]}}],"collection":[{"href":"https:\/\/www.jkgrp.de\/index.php?rest_route=\/wp\/v2\/posts"}],"about":[{"href":"https:\/\/www.jkgrp.de\/index.php?rest_route=\/wp\/v2\/types\/post"}],"author":[{"embeddable":true,"href":"https:\/\/www.jkgrp.de\/index.php?rest_route=\/wp\/v2\/users\/1"}],"replies":[{"embeddable":true,"href":"https:\/\/www.jkgrp.de\/index.php?rest_route=%2Fwp%2Fv2%2Fcomments&post=2056"}],"version-history":[{"count":0,"href":"https:\/\/www.jkgrp.de\/index.php?rest_route=\/wp\/v2\/posts\/2056\/revisions"}],"wp:attachment":[{"href":"https:\/\/www.jkgrp.de\/index.php?rest_route=%2Fwp%2Fv2%2Fmedia&parent=2056"}],"wp:term":[{"taxonomy":"category","embeddable":true,"href":"https:\/\/www.jkgrp.de\/index.php?rest_route=%2Fwp%2Fv2%2Fcategories&post=2056"},{"taxonomy":"post_tag","embeddable":true,"href":"https:\/\/www.jkgrp.de\/index.php?rest_route=%2Fwp%2Fv2%2Ftags&post=2056"}],"curies":[{"name":"wp","href":"https:\/\/api.w.org\/{rel}","templated":true}]}}