{"id":2052,"date":"2013-01-27T10:04:00","date_gmt":"2013-01-27T08:04:00","guid":{"rendered":"http:\/\/www.jkgrp.de\/?p=2052"},"modified":"2013-01-27T10:04:00","modified_gmt":"2013-01-27T08:04:00","slug":"das-erinnern-wach-halten-rheinland-pfalz","status":"publish","type":"post","link":"https:\/\/www.jkgrp.de\/?p=2052","title":{"rendered":"Das Erinnern wach halten &#8211; Rheinland Pfalz"},"content":{"rendered":"<p><a target=\"_blank\" href=\"http:\/\/news.google.com\/news\/url?sa=t&amp;fd=R&amp;usg=AFQjCNF_c1HSbclW43Z1YegljRWTiJsKVA&amp;url=http:\/\/www.rlp.de\/no_cache\/einzelansicht\/archive\/2013\/january\/article\/das-erinnern-wach-halten\/\"><\/p>\n<div class=\"imagefix\" style=\"float:left\"><img alt=\"\" border=\"1\" \/><\/div>\n<p>Rheinland Pfalz<\/a>Das Erinnern wach haltenRheinland PfalzDie Ministerpr\u00e4sidentin erinnerte daran, dass schon kurz nach der Macht\u00fcbernahme Hitlers, im M\u00e4rz 1933, die ersten  <br \/>Source: <a href=\"http:\/\/news.google.com\/news\/url?sa=t&amp;fd=R&amp;usg=AFQjCNF_c1HSbclW43Z1YegljRWTiJsKVA&amp;url=http:\/\/www.rlp.de\/no_cache\/einzelansicht\/archive\/2013\/january\/article\/das-erinnern-wach-halten\/\" target=\"_blank\">Juden in der Pfalz<\/a><span style=\"margin-left:10px\"><a href=\"http:\/\/www.facebook.com\/sharer\/sharer.php?u=http:\/\/news.google.com\/news\/url?sa=t&amp;fd=R&amp;usg=AFQjCNF_c1HSbclW43Z1YegljRWTiJsKVA&amp;url=http:\/\/www.rlp.de\/no_cache\/einzelansicht\/archive\/2013\/january\/article\/das-erinnern-wach-halten\/\"><img decoding=\"async\" src=\"http:\/\/www.jkgrp.de\/wp-content\/plugins\/wp-rss-multi-importer\/images\/facebook.png\" \/><\/a>&nbsp;&nbsp;<a href=\"http:\/\/twitter.com\/intent\/tweet?text=Das%20Erinnern%20wach%20halten%20-%20Rheinland%20Pfalz%20http:\/\/news.google.com\/news\/url?sa=t&amp;fd=R&amp;usg=AFQjCNF_c1HSbclW43Z1YegljRWTiJsKVA&amp;url=http:\/\/www.rlp.de\/no_cache\/einzelansicht\/archive\/2013\/january\/article\/das-erinnern-wach-halten\/\"><img decoding=\"async\" src=\"http:\/\/www.jkgrp.de\/wp-content\/plugins\/wp-rss-multi-importer\/images\/twitter.png\" \/><\/a><\/span><\/p>\n","protected":false},"excerpt":{"rendered":"<p>Rheinland PfalzDas Erinnern wach haltenRheinland PfalzDie Ministerpr\u00e4sidentin erinnerte daran, dass schon kurz nach der Macht\u00fcbernahme Hitlers, im M\u00e4rz 1933, die ersten Source: Juden in der Pfalz&nbsp;&nbsp;<\/p>\n","protected":false},"author":0,"featured_media":0,"comment_status":"open","ping_status":"open","sticky":false,"template":"","format":"standard","meta":{"footnotes":""},"categories":[1],"tags":[],"class_list":["post-2052","post","type-post","status-publish","format-standard","hentry","category-allgemein"],"_links":{"self":[{"href":"https:\/\/www.jkgrp.de\/index.php?rest_route=\/wp\/v2\/posts\/2052","targetHints":{"allow":["GET"]}}],"collection":[{"href":"https:\/\/www.jkgrp.de\/index.php?rest_route=\/wp\/v2\/posts"}],"about":[{"href":"https:\/\/www.jkgrp.de\/index.php?rest_route=\/wp\/v2\/types\/post"}],"replies":[{"embeddable":true,"href":"https:\/\/www.jkgrp.de\/index.php?rest_route=%2Fwp%2Fv2%2Fcomments&post=2052"}],"version-history":[{"count":0,"href":"https:\/\/www.jkgrp.de\/index.php?rest_route=\/wp\/v2\/posts\/2052\/revisions"}],"wp:attachment":[{"href":"https:\/\/www.jkgrp.de\/index.php?rest_route=%2Fwp%2Fv2%2Fmedia&parent=2052"}],"wp:term":[{"taxonomy":"category","embeddable":true,"href":"https:\/\/www.jkgrp.de\/index.php?rest_route=%2Fwp%2Fv2%2Fcategories&post=2052"},{"taxonomy":"post_tag","embeddable":true,"href":"https:\/\/www.jkgrp.de\/index.php?rest_route=%2Fwp%2Fv2%2Ftags&post=2052"}],"curies":[{"name":"wp","href":"https:\/\/api.w.org\/{rel}","templated":true}]}}