{"id":198891,"date":"2024-12-22T08:00:00","date_gmt":"2024-12-22T06:00:00","guid":{"rendered":"https:\/\/www.jkgrp.de\/?p=198891"},"modified":"2024-12-22T08:00:00","modified_gmt":"2024-12-22T06:00:00","slug":"volker-beck-kritisiert-vertraege-mit-islam-verbaenden-juedische-allgemeine","status":"publish","type":"post","link":"https:\/\/www.jkgrp.de\/?p=198891","title":{"rendered":"Volker Beck kritisiert Vertr\u00e4ge mit Islam-Verb\u00e4nden &#8211; J\u00fcdische Allgemeine"},"content":{"rendered":"<p><a class=\"colorbox\" href=\"https:\/\/news.google.com\/rss\/articles\/CBMinwFBVV95cUxPdURVSWlDWl9SUVphMHk0ZDB5N2pRT244alFJbS1LR0gzcGpGT3BEQjFnQl9rbmViU0ZxYWtYei1XSnhiQnBGdlpGWjVlRkwyd1hRU000S2pqT1RhZGpLUXFuZ3o3c1hDYjZmNVFERE0zeFFoYTlhX1Zkcm5hcEJDR0hVNEVFTHdsaDZ0NDB4WV8yci0xSHhJTVRpRVVSUWc?oc=5\" target=\"_blank\" rel=\"noopener\">Volker Beck kritisiert Vertr\u00e4ge mit Islam-Verb\u00e4nden<\/a>  <font color=\"#6f6f6f\">J\u00fcdische Allgemeine<\/font> <a href=\"https:\/\/news.google.com\/rss\/articles\/CBMinwFBVV95cUxPdURVSWlDWl9SUVphMHk0ZDB5N2pRT244alFJbS1LR0gzcGpGT3BEQjFnQl9rbmViU0ZxYWtYei1XSnhiQnBGdlpGWjVlRkwyd1hRU000S2pqT1RhZGpLUXFuZ3o3c1hDYjZmNVFERE0zeFFoYTlhX1Zkcm5hcEJDR0hVNEVFTHdsaDZ0NDB4WV8yci0xSHhJTVRpRVVSUWc?oc=5\" class=\"colorbox\"> &#8230;read more<\/a><span style=\"margin-left:10px\"><a href=\"http:\/\/www.facebook.com\/sharer\/sharer.php?u=https:\/\/news.google.com\/rss\/articles\/CBMinwFBVV95cUxPdURVSWlDWl9SUVphMHk0ZDB5N2pRT244alFJbS1LR0gzcGpGT3BEQjFnQl9rbmViU0ZxYWtYei1XSnhiQnBGdlpGWjVlRkwyd1hRU000S2pqT1RhZGpLUXFuZ3o3c1hDYjZmNVFERE0zeFFoYTlhX1Zkcm5hcEJDR0hVNEVFTHdsaDZ0NDB4WV8yci0xSHhJTVRpRVVSUWc?oc=5\"><img decoding=\"async\" src=\"https:\/\/www.jkgrp.de\/wp-content\/plugins\/wp-rss-multi-importer\/images\/facebook.png\" \/><\/a>&nbsp;&nbsp;<a href=\"http:\/\/twitter.com\/intent\/tweet?text=Volker%20Beck%20kritisiert%20Vertr%C3%A4ge%20mit%20Islam-Verb%C3%A4nden%20-%20J%C3%BCdische%20Allgemeine%20https:\/\/news.google.com\/rss\/articles\/CBMinwFBVV95cUxPdURVSWlDWl9SUVphMHk0ZDB5N2pRT244alFJbS1LR0gzcGpGT3BEQjFnQl9rbmViU0ZxYWtYei1XSnhiQnBGdlpGWjVlRkwyd1hRU000S2pqT1RhZGpLUXFuZ3o3c1hDYjZmNVFERE0zeFFoYTlhX1Zkcm5hcEJDR0hVNEVFTHdsaDZ0NDB4WV8yci0xSHhJTVRpRVVSUWc?oc=5\"><img decoding=\"async\" src=\"https:\/\/www.jkgrp.de\/wp-content\/plugins\/wp-rss-multi-importer\/images\/twitter.png\" \/><\/a><\/span><\/p>\n","protected":false},"excerpt":{"rendered":"<p>Volker Beck kritisiert Vertr\u00e4ge mit Islam-Verb\u00e4nden J\u00fcdische Allgemeine &#8230;read more&nbsp;&nbsp;<\/p>\n","protected":false},"author":1,"featured_media":0,"comment_status":"open","ping_status":"","sticky":false,"template":"","format":"standard","meta":{"footnotes":""},"categories":[1],"tags":[],"class_list":["post-198891","post","type-post","status-publish","format-standard","hentry","category-allgemein"],"_links":{"self":[{"href":"https:\/\/www.jkgrp.de\/index.php?rest_route=\/wp\/v2\/posts\/198891","targetHints":{"allow":["GET"]}}],"collection":[{"href":"https:\/\/www.jkgrp.de\/index.php?rest_route=\/wp\/v2\/posts"}],"about":[{"href":"https:\/\/www.jkgrp.de\/index.php?rest_route=\/wp\/v2\/types\/post"}],"author":[{"embeddable":true,"href":"https:\/\/www.jkgrp.de\/index.php?rest_route=\/wp\/v2\/users\/1"}],"replies":[{"embeddable":true,"href":"https:\/\/www.jkgrp.de\/index.php?rest_route=%2Fwp%2Fv2%2Fcomments&post=198891"}],"version-history":[{"count":0,"href":"https:\/\/www.jkgrp.de\/index.php?rest_route=\/wp\/v2\/posts\/198891\/revisions"}],"wp:attachment":[{"href":"https:\/\/www.jkgrp.de\/index.php?rest_route=%2Fwp%2Fv2%2Fmedia&parent=198891"}],"wp:term":[{"taxonomy":"category","embeddable":true,"href":"https:\/\/www.jkgrp.de\/index.php?rest_route=%2Fwp%2Fv2%2Fcategories&post=198891"},{"taxonomy":"post_tag","embeddable":true,"href":"https:\/\/www.jkgrp.de\/index.php?rest_route=%2Fwp%2Fv2%2Ftags&post=198891"}],"curies":[{"name":"wp","href":"https:\/\/api.w.org\/{rel}","templated":true}]}}