{"id":197855,"date":"2023-09-11T16:42:00","date_gmt":"2023-09-11T14:42:00","guid":{"rendered":"https:\/\/www.jkgrp.de\/?p=197855"},"modified":"2023-09-11T16:42:00","modified_gmt":"2023-09-11T14:42:00","slug":"kunsthaus-waeldchen-open-arts-geht-im-september-in-die-naechste-ak-kurier-internetzeitung-fuer-den-kreis-altenkirchen","status":"publish","type":"post","link":"https:\/\/www.jkgrp.de\/?p=197855","title":{"rendered":"Kunsthaus W\u00e4ldchen: &quot;open arts&quot; geht im September in die n\u00e4chste &#8230; &#8211; AK-Kurier &#8211; Internetzeitung f\u00fcr den Kreis Altenkirchen"},"content":{"rendered":"<p><a class=\"colorbox\" href=\"https:\/\/news.google.com\/rss\/articles\/CBMifWh0dHBzOi8vd3d3LmFrLWt1cmllci5kZS9ha2t1cmllci93d3cvYXJ0aWtlbC8xMzQwNzkta3Vuc3RoYXVzLXdhZWxkY2hlbi0tLW9wZW4tYXJ0cy0tZ2VodC1pbS1zZXB0ZW1iZXItaW4tZGllLW5hZWNoc3RlLXJ1bmRl0gEA?oc=5\" target=\"_blank\" rel=\"noopener\">Kunsthaus W\u00e4ldchen: &#8222;open arts&#8220; geht im September in die n\u00e4chste &#8230;<\/a>  <font color=\"#6f6f6f\">AK-Kurier &#8211; Internetzeitung f\u00fcr den <a href=\"https:\/\/news.google.com\/rss\/articles\/CBMifWh0dHBzOi8vd3d3LmFrLWt1cmllci5kZS9ha2t1cmllci93d3cvYXJ0aWtlbC8xMzQwNzkta3Vuc3RoYXVzLXdhZWxkY2hlbi0tLW9wZW4tYXJ0cy0tZ2VodC1pbS1zZXB0ZW1iZXItaW4tZGllLW5hZWNoc3RlLXJ1bmRl0gEA?oc=5\" class=\"colorbox\"> &#8230;read more<\/a><span style=\"margin-left:10px\"><a href=\"http:\/\/www.facebook.com\/sharer\/sharer.php?u=https:\/\/news.google.com\/rss\/articles\/CBMifWh0dHBzOi8vd3d3LmFrLWt1cmllci5kZS9ha2t1cmllci93d3cvYXJ0aWtlbC8xMzQwNzkta3Vuc3RoYXVzLXdhZWxkY2hlbi0tLW9wZW4tYXJ0cy0tZ2VodC1pbS1zZXB0ZW1iZXItaW4tZGllLW5hZWNoc3RlLXJ1bmRl0gEA?oc=5\"><img decoding=\"async\" src=\"https:\/\/www.jkgrp.de\/wp-content\/plugins\/wp-rss-multi-importer\/images\/facebook.png\" \/><\/a>&nbsp;&nbsp;<a href=\"http:\/\/twitter.com\/intent\/tweet?text=Kunsthaus%20W%C3%A4ldchen%3A%20%26quot%3Bopen%20arts%26quot%3B%20geht%20im%20September%20in%20die%20n%C3%A4chste%20...%20-%20AK-Kurier%20-%20Internetzeitung%20f%C3%BCr%20den%20Kreis%20Altenkirchen%20https:\/\/news.google.com\/rss\/articles\/CBMifWh0dHBzOi8vd3d3LmFrLWt1cmllci5kZS9ha2t1cmllci93d3cvYXJ0aWtlbC8xMzQwNzkta3Vuc3RoYXVzLXdhZWxkY2hlbi0tLW9wZW4tYXJ0cy0tZ2VodC1pbS1zZXB0ZW1iZXItaW4tZGllLW5hZWNoc3RlLXJ1bmRl0gEA?oc=5\"><img decoding=\"async\" src=\"https:\/\/www.jkgrp.de\/wp-content\/plugins\/wp-rss-multi-importer\/images\/twitter.png\" \/><\/a><\/span><\/font><\/p>\n","protected":false},"excerpt":{"rendered":"<p>Kunsthaus W\u00e4ldchen: &#8222;open arts&#8220; geht im September in die n\u00e4chste &#8230; AK-Kurier &#8211; Internetzeitung f\u00fcr den &#8230;read more&nbsp;&nbsp;<\/p>\n","protected":false},"author":1,"featured_media":0,"comment_status":"open","ping_status":"closed","sticky":false,"template":"","format":"standard","meta":{"footnotes":""},"categories":[1],"tags":[],"class_list":["post-197855","post","type-post","status-publish","format-standard","hentry","category-allgemein"],"_links":{"self":[{"href":"https:\/\/www.jkgrp.de\/index.php?rest_route=\/wp\/v2\/posts\/197855","targetHints":{"allow":["GET"]}}],"collection":[{"href":"https:\/\/www.jkgrp.de\/index.php?rest_route=\/wp\/v2\/posts"}],"about":[{"href":"https:\/\/www.jkgrp.de\/index.php?rest_route=\/wp\/v2\/types\/post"}],"author":[{"embeddable":true,"href":"https:\/\/www.jkgrp.de\/index.php?rest_route=\/wp\/v2\/users\/1"}],"replies":[{"embeddable":true,"href":"https:\/\/www.jkgrp.de\/index.php?rest_route=%2Fwp%2Fv2%2Fcomments&post=197855"}],"version-history":[{"count":0,"href":"https:\/\/www.jkgrp.de\/index.php?rest_route=\/wp\/v2\/posts\/197855\/revisions"}],"wp:attachment":[{"href":"https:\/\/www.jkgrp.de\/index.php?rest_route=%2Fwp%2Fv2%2Fmedia&parent=197855"}],"wp:term":[{"taxonomy":"category","embeddable":true,"href":"https:\/\/www.jkgrp.de\/index.php?rest_route=%2Fwp%2Fv2%2Fcategories&post=197855"},{"taxonomy":"post_tag","embeddable":true,"href":"https:\/\/www.jkgrp.de\/index.php?rest_route=%2Fwp%2Fv2%2Ftags&post=197855"}],"curies":[{"name":"wp","href":"https:\/\/api.w.org\/{rel}","templated":true}]}}