{"id":197412,"date":"2023-05-11T15:59:00","date_gmt":"2023-05-11T13:59:00","guid":{"rendered":"https:\/\/www.jkgrp.de\/?p=197412"},"modified":"2023-05-11T15:59:00","modified_gmt":"2023-05-11T13:59:00","slug":"empfang-fuer-die-franzoesischen-gastschueler-im-stuhrer-ratssaal-kreiszeitung-de","status":"publish","type":"post","link":"https:\/\/www.jkgrp.de\/?p=197412","title":{"rendered":"Empfang f\u00fcr die franz\u00f6sischen Gastsch\u00fcler im Stuhrer Ratssaal &#8211; kreiszeitung.de"},"content":{"rendered":"<p><a class=\"colorbox\" href=\"https:\/\/news.google.com\/rss\/articles\/CBMiigFodHRwczovL3d3dy5rcmVpc3plaXR1bmcuZGUvbG9rYWxlcy9kaWVwaG9sei9zdHVoci1vcnQ1MjI3MS9lbXBmYW5nLWZ1ZXItZGllLWZyYW56b2VzaXNjaGVuLWdhc3RzY2h1ZWxlci1pbS1zdHVocmVyLXJhdHNzYWFsLTkyMjcxODU5Lmh0bWzSAQA?oc=5\" target=\"_blank\" rel=\"noopener\">Empfang f\u00fcr die franz\u00f6sischen Gastsch\u00fcler im Stuhrer Ratssaal<\/a>  <font color=\"#6f6f6f\">kreiszeitung.de<\/font> <a href=\"https:\/\/news.google.com\/rss\/articles\/CBMiigFodHRwczovL3d3dy5rcmVpc3plaXR1bmcuZGUvbG9rYWxlcy9kaWVwaG9sei9zdHVoci1vcnQ1MjI3MS9lbXBmYW5nLWZ1ZXItZGllLWZyYW56b2VzaXNjaGVuLWdhc3RzY2h1ZWxlci1pbS1zdHVocmVyLXJhdHNzYWFsLTkyMjcxODU5Lmh0bWzSAQA?oc=5\" class=\"colorbox\"> &#8230;read more<\/a><span style=\"margin-left:10px\"><a href=\"http:\/\/www.facebook.com\/sharer\/sharer.php?u=https:\/\/news.google.com\/rss\/articles\/CBMiigFodHRwczovL3d3dy5rcmVpc3plaXR1bmcuZGUvbG9rYWxlcy9kaWVwaG9sei9zdHVoci1vcnQ1MjI3MS9lbXBmYW5nLWZ1ZXItZGllLWZyYW56b2VzaXNjaGVuLWdhc3RzY2h1ZWxlci1pbS1zdHVocmVyLXJhdHNzYWFsLTkyMjcxODU5Lmh0bWzSAQA?oc=5\"><img decoding=\"async\" src=\"https:\/\/www.jkgrp.de\/wp-content\/plugins\/wp-rss-multi-importer\/images\/facebook.png\" \/><\/a>&nbsp;&nbsp;<a href=\"http:\/\/twitter.com\/intent\/tweet?text=Empfang%20f%C3%BCr%20die%20franz%C3%B6sischen%20Gastsch%C3%BCler%20im%20Stuhrer%20Ratssaal%20-%20kreiszeitung.de%20https:\/\/news.google.com\/rss\/articles\/CBMiigFodHRwczovL3d3dy5rcmVpc3plaXR1bmcuZGUvbG9rYWxlcy9kaWVwaG9sei9zdHVoci1vcnQ1MjI3MS9lbXBmYW5nLWZ1ZXItZGllLWZyYW56b2VzaXNjaGVuLWdhc3RzY2h1ZWxlci1pbS1zdHVocmVyLXJhdHNzYWFsLTkyMjcxODU5Lmh0bWzSAQA?oc=5\"><img decoding=\"async\" src=\"https:\/\/www.jkgrp.de\/wp-content\/plugins\/wp-rss-multi-importer\/images\/twitter.png\" \/><\/a><\/span><\/p>\n","protected":false},"excerpt":{"rendered":"<p>Empfang f\u00fcr die franz\u00f6sischen Gastsch\u00fcler im Stuhrer Ratssaal kreiszeitung.de &#8230;read more&nbsp;&nbsp;<\/p>\n","protected":false},"author":1,"featured_media":0,"comment_status":"open","ping_status":"closed","sticky":false,"template":"","format":"standard","meta":{"footnotes":""},"categories":[1],"tags":[],"class_list":["post-197412","post","type-post","status-publish","format-standard","hentry","category-allgemein"],"_links":{"self":[{"href":"https:\/\/www.jkgrp.de\/index.php?rest_route=\/wp\/v2\/posts\/197412","targetHints":{"allow":["GET"]}}],"collection":[{"href":"https:\/\/www.jkgrp.de\/index.php?rest_route=\/wp\/v2\/posts"}],"about":[{"href":"https:\/\/www.jkgrp.de\/index.php?rest_route=\/wp\/v2\/types\/post"}],"author":[{"embeddable":true,"href":"https:\/\/www.jkgrp.de\/index.php?rest_route=\/wp\/v2\/users\/1"}],"replies":[{"embeddable":true,"href":"https:\/\/www.jkgrp.de\/index.php?rest_route=%2Fwp%2Fv2%2Fcomments&post=197412"}],"version-history":[{"count":0,"href":"https:\/\/www.jkgrp.de\/index.php?rest_route=\/wp\/v2\/posts\/197412\/revisions"}],"wp:attachment":[{"href":"https:\/\/www.jkgrp.de\/index.php?rest_route=%2Fwp%2Fv2%2Fmedia&parent=197412"}],"wp:term":[{"taxonomy":"category","embeddable":true,"href":"https:\/\/www.jkgrp.de\/index.php?rest_route=%2Fwp%2Fv2%2Fcategories&post=197412"},{"taxonomy":"post_tag","embeddable":true,"href":"https:\/\/www.jkgrp.de\/index.php?rest_route=%2Fwp%2Fv2%2Ftags&post=197412"}],"curies":[{"name":"wp","href":"https:\/\/api.w.org\/{rel}","templated":true}]}}