{"id":197238,"date":"2023-03-20T13:23:00","date_gmt":"2023-03-20T11:23:00","guid":{"rendered":"https:\/\/www.jkgrp.de\/?p=197238"},"modified":"2023-03-20T13:23:00","modified_gmt":"2023-03-20T11:23:00","slug":"reichsbuerger-soll-vortrag-in-koenigshofen-gehalten-haben-fraenkische-nachrichten","status":"publish","type":"post","link":"https:\/\/www.jkgrp.de\/?p=197238","title":{"rendered":"Reichsb\u00fcrger soll Vortrag in K\u00f6nigshofen gehalten haben &#8211; Fr\u00e4nkische Nachrichten"},"content":{"rendered":"<p><a class=\"colorbox\" href=\"https:\/\/news.google.com\/rss\/articles\/CBMilQFodHRwczovL3d3dy5mbndlYi5kZS9vcnRlL2xhdWRhLWtvZW5pZ3Nob2Zlbl9hcnRpa2VsLC1sYXVkYS1rb2VuaWdzaG9mZW4tcmVpY2hzYnVlcmdlci1zb2xsLXZvcnRyYWctaW4ta29lbmlnc2hvZmVuLWdlaGFsdGVuLWhhYmVuLV9hcmlkLDIwNjM3MjcuaHRtbNIBAA?oc=5\" target=\"_blank\" rel=\"noopener\">Reichsb\u00fcrger soll Vortrag in K\u00f6nigshofen gehalten haben<\/a>  <font color=\"#6f6f6f\">Fr\u00e4nkische Nachrichten<\/font> <a href=\"https:\/\/news.google.com\/rss\/articles\/CBMilQFodHRwczovL3d3dy5mbndlYi5kZS9vcnRlL2xhdWRhLWtvZW5pZ3Nob2Zlbl9hcnRpa2VsLC1sYXVkYS1rb2VuaWdzaG9mZW4tcmVpY2hzYnVlcmdlci1zb2xsLXZvcnRyYWctaW4ta29lbmlnc2hvZmVuLWdlaGFsdGVuLWhhYmVuLV9hcmlkLDIwNjM3MjcuaHRtbNIBAA?oc=5\" class=\"colorbox\"> &#8230;read more<\/a><span style=\"margin-left:10px\"><a href=\"http:\/\/www.facebook.com\/sharer\/sharer.php?u=https:\/\/news.google.com\/rss\/articles\/CBMilQFodHRwczovL3d3dy5mbndlYi5kZS9vcnRlL2xhdWRhLWtvZW5pZ3Nob2Zlbl9hcnRpa2VsLC1sYXVkYS1rb2VuaWdzaG9mZW4tcmVpY2hzYnVlcmdlci1zb2xsLXZvcnRyYWctaW4ta29lbmlnc2hvZmVuLWdlaGFsdGVuLWhhYmVuLV9hcmlkLDIwNjM3MjcuaHRtbNIBAA?oc=5\"><img decoding=\"async\" src=\"https:\/\/www.jkgrp.de\/wp-content\/plugins\/wp-rss-multi-importer\/images\/facebook.png\" \/><\/a>&nbsp;&nbsp;<a href=\"http:\/\/twitter.com\/intent\/tweet?text=Reichsb%C3%BCrger%20soll%20Vortrag%20in%20K%C3%B6nigshofen%20gehalten%20haben%20-%20Fr%C3%A4nkische%20Nachrichten%20https:\/\/news.google.com\/rss\/articles\/CBMilQFodHRwczovL3d3dy5mbndlYi5kZS9vcnRlL2xhdWRhLWtvZW5pZ3Nob2Zlbl9hcnRpa2VsLC1sYXVkYS1rb2VuaWdzaG9mZW4tcmVpY2hzYnVlcmdlci1zb2xsLXZvcnRyYWctaW4ta29lbmlnc2hvZmVuLWdlaGFsdGVuLWhhYmVuLV9hcmlkLDIwNjM3MjcuaHRtbNIBAA?oc=5\"><img decoding=\"async\" src=\"https:\/\/www.jkgrp.de\/wp-content\/plugins\/wp-rss-multi-importer\/images\/twitter.png\" \/><\/a><\/span><\/p>\n","protected":false},"excerpt":{"rendered":"<p>Reichsb\u00fcrger soll Vortrag in K\u00f6nigshofen gehalten haben Fr\u00e4nkische Nachrichten &#8230;read more&nbsp;&nbsp;<\/p>\n","protected":false},"author":1,"featured_media":0,"comment_status":"open","ping_status":"closed","sticky":false,"template":"","format":"standard","meta":{"footnotes":""},"categories":[1],"tags":[],"class_list":["post-197238","post","type-post","status-publish","format-standard","hentry","category-allgemein"],"_links":{"self":[{"href":"https:\/\/www.jkgrp.de\/index.php?rest_route=\/wp\/v2\/posts\/197238","targetHints":{"allow":["GET"]}}],"collection":[{"href":"https:\/\/www.jkgrp.de\/index.php?rest_route=\/wp\/v2\/posts"}],"about":[{"href":"https:\/\/www.jkgrp.de\/index.php?rest_route=\/wp\/v2\/types\/post"}],"author":[{"embeddable":true,"href":"https:\/\/www.jkgrp.de\/index.php?rest_route=\/wp\/v2\/users\/1"}],"replies":[{"embeddable":true,"href":"https:\/\/www.jkgrp.de\/index.php?rest_route=%2Fwp%2Fv2%2Fcomments&post=197238"}],"version-history":[{"count":0,"href":"https:\/\/www.jkgrp.de\/index.php?rest_route=\/wp\/v2\/posts\/197238\/revisions"}],"wp:attachment":[{"href":"https:\/\/www.jkgrp.de\/index.php?rest_route=%2Fwp%2Fv2%2Fmedia&parent=197238"}],"wp:term":[{"taxonomy":"category","embeddable":true,"href":"https:\/\/www.jkgrp.de\/index.php?rest_route=%2Fwp%2Fv2%2Fcategories&post=197238"},{"taxonomy":"post_tag","embeddable":true,"href":"https:\/\/www.jkgrp.de\/index.php?rest_route=%2Fwp%2Fv2%2Ftags&post=197238"}],"curies":[{"name":"wp","href":"https:\/\/api.w.org\/{rel}","templated":true}]}}