{"id":196444,"date":"2022-09-14T10:27:00","date_gmt":"2022-09-14T08:27:00","guid":{"rendered":"https:\/\/www.jkgrp.de\/?p=196444"},"modified":"2022-09-14T10:27:00","modified_gmt":"2022-09-14T08:27:00","slug":"kreuz-und-krone-dom-und-dioezesanmuseum-oeffnet-nach-umzug-suedwest-rheinpfalz-de","status":"publish","type":"post","link":"https:\/\/www.jkgrp.de\/?p=196444","title":{"rendered":"\u00abKreuz und Krone\u00bb: Dom- und Di\u00f6zesanmuseum \u00f6ffnet nach Umzug &#8211; S\u00fcdwest &#8211; Rheinpfalz.de"},"content":{"rendered":"<p><a class=\"colorbox\" href=\"https:\/\/www.rheinpfalz.de\/politik\/rheinland-pfalz_artikel,-kreuz-und-krone-dom-und-di%C3%B6zesanmuseum-%C3%B6ffnet-nach-umzug-_arid,5405027.html\" target=\"_blank\" rel=\"noopener\">\u00abKreuz und Krone\u00bb: Dom- und Di\u00f6zesanmuseum \u00f6ffnet nach Umzug &#8211; S\u00fcdwest<\/a>  <font color=\"#6f6f6f\">Rheinpfalz.de<\/font> <a href=\"https:\/\/www.rheinpfalz.de\/politik\/rheinland-pfalz_artikel,-kreuz-und-krone-dom-und-di%C3%B6zesanmuseum-%C3%B6ffnet-nach-umzug-_arid,5405027.html\" class=\"colorbox\"> &#8230;read more<\/a><span style=\"margin-left:10px\"><a href=\"http:\/\/www.facebook.com\/sharer\/sharer.php?u=https:\/\/www.rheinpfalz.de\/politik\/rheinland-pfalz_artikel,-kreuz-und-krone-dom-und-di%C3%B6zesanmuseum-%C3%B6ffnet-nach-umzug-_arid,5405027.html\"><img decoding=\"async\" src=\"https:\/\/www.jkgrp.de\/wp-content\/plugins\/wp-rss-multi-importer\/images\/facebook.png\" \/><\/a>&nbsp;&nbsp;<a href=\"http:\/\/twitter.com\/intent\/tweet?text=%C2%ABKreuz%20und%20Krone%C2%BB%3A%20Dom-%20und%20Di%C3%B6zesanmuseum%20%C3%B6ffnet%20nach%20Umzug%20-%20S%C3%BCdwest%20-%20Rheinpfalz.de%20https:\/\/www.rheinpfalz.de\/politik\/rheinland-pfalz_artikel,-kreuz-und-krone-dom-und-di%C3%B6zesanmuseum-%C3%B6ffnet-nach-umzug-_arid,5405027.html\"><img decoding=\"async\" src=\"https:\/\/www.jkgrp.de\/wp-content\/plugins\/wp-rss-multi-importer\/images\/twitter.png\" \/><\/a><\/span><\/p>\n","protected":false},"excerpt":{"rendered":"<p>\u00abKreuz und Krone\u00bb: Dom- und Di\u00f6zesanmuseum \u00f6ffnet nach Umzug &#8211; S\u00fcdwest Rheinpfalz.de &#8230;read more&nbsp;&nbsp;<\/p>\n","protected":false},"author":1,"featured_media":0,"comment_status":"open","ping_status":"closed","sticky":false,"template":"","format":"standard","meta":{"footnotes":""},"categories":[1],"tags":[],"class_list":["post-196444","post","type-post","status-publish","format-standard","hentry","category-allgemein"],"_links":{"self":[{"href":"https:\/\/www.jkgrp.de\/index.php?rest_route=\/wp\/v2\/posts\/196444","targetHints":{"allow":["GET"]}}],"collection":[{"href":"https:\/\/www.jkgrp.de\/index.php?rest_route=\/wp\/v2\/posts"}],"about":[{"href":"https:\/\/www.jkgrp.de\/index.php?rest_route=\/wp\/v2\/types\/post"}],"author":[{"embeddable":true,"href":"https:\/\/www.jkgrp.de\/index.php?rest_route=\/wp\/v2\/users\/1"}],"replies":[{"embeddable":true,"href":"https:\/\/www.jkgrp.de\/index.php?rest_route=%2Fwp%2Fv2%2Fcomments&post=196444"}],"version-history":[{"count":0,"href":"https:\/\/www.jkgrp.de\/index.php?rest_route=\/wp\/v2\/posts\/196444\/revisions"}],"wp:attachment":[{"href":"https:\/\/www.jkgrp.de\/index.php?rest_route=%2Fwp%2Fv2%2Fmedia&parent=196444"}],"wp:term":[{"taxonomy":"category","embeddable":true,"href":"https:\/\/www.jkgrp.de\/index.php?rest_route=%2Fwp%2Fv2%2Fcategories&post=196444"},{"taxonomy":"post_tag","embeddable":true,"href":"https:\/\/www.jkgrp.de\/index.php?rest_route=%2Fwp%2Fv2%2Ftags&post=196444"}],"curies":[{"name":"wp","href":"https:\/\/api.w.org\/{rel}","templated":true}]}}