{"id":196319,"date":"2022-07-25T13:46:00","date_gmt":"2022-07-25T11:46:00","guid":{"rendered":"https:\/\/www.jkgrp.de\/?p=196319"},"modified":"2022-07-25T13:46:00","modified_gmt":"2022-07-25T11:46:00","slug":"fuer-frieden-und-toleranz-herzog-christian-august-veraenderte-sulzbach-fuer-immer-onetz-de","status":"publish","type":"post","link":"https:\/\/www.jkgrp.de\/?p=196319","title":{"rendered":"F\u00fcr Frieden und Toleranz: Herzog Christian August ver\u00e4nderte Sulzbach f\u00fcr immer &#8211; Onetz.de"},"content":{"rendered":"<p><a class=\"colorbox\" href=\"https:\/\/www.onetz.de\/oberpfalz\/sulzbach-rosenberg\/fuer-frieden-toleranz-herzog-christian-august-veraenderte-sulzbach-fuer-immer-id3650934.html\" target=\"_blank\" rel=\"noopener\">F\u00fcr Frieden und Toleranz: Herzog Christian August ver\u00e4nderte Sulzbach f\u00fcr immer<\/a>  <font color=\"#6f6f6f\">Onetz.de<\/font> <a href=\"https:\/\/www.onetz.de\/oberpfalz\/sulzbach-rosenberg\/fuer-frieden-toleranz-herzog-christian-august-veraenderte-sulzbach-fuer-immer-id3650934.html\" class=\"colorbox\"> &#8230;read more<\/a><span style=\"margin-left:10px\"><a href=\"http:\/\/www.facebook.com\/sharer\/sharer.php?u=https:\/\/www.onetz.de\/oberpfalz\/sulzbach-rosenberg\/fuer-frieden-toleranz-herzog-christian-august-veraenderte-sulzbach-fuer-immer-id3650934.html\"><img decoding=\"async\" src=\"https:\/\/www.jkgrp.de\/wp-content\/plugins\/wp-rss-multi-importer\/images\/facebook.png\" \/><\/a>&nbsp;&nbsp;<a href=\"http:\/\/twitter.com\/intent\/tweet?text=F%C3%BCr%20Frieden%20und%20Toleranz%3A%20Herzog%20Christian%20August%20ver%C3%A4nderte%20Sulzbach%20f%C3%BCr%20immer%20-%20Onetz.de%20https:\/\/www.onetz.de\/oberpfalz\/sulzbach-rosenberg\/fuer-frieden-toleranz-herzog-christian-august-veraenderte-sulzbach-fuer-immer-id3650934.html\"><img decoding=\"async\" src=\"https:\/\/www.jkgrp.de\/wp-content\/plugins\/wp-rss-multi-importer\/images\/twitter.png\" \/><\/a><\/span><\/p>\n","protected":false},"excerpt":{"rendered":"<p>F\u00fcr Frieden und Toleranz: Herzog Christian August ver\u00e4nderte Sulzbach f\u00fcr immer Onetz.de &#8230;read more&nbsp;&nbsp;<\/p>\n","protected":false},"author":1,"featured_media":0,"comment_status":"open","ping_status":"closed","sticky":false,"template":"","format":"standard","meta":{"footnotes":""},"categories":[1],"tags":[],"class_list":["post-196319","post","type-post","status-publish","format-standard","hentry","category-allgemein"],"_links":{"self":[{"href":"https:\/\/www.jkgrp.de\/index.php?rest_route=\/wp\/v2\/posts\/196319","targetHints":{"allow":["GET"]}}],"collection":[{"href":"https:\/\/www.jkgrp.de\/index.php?rest_route=\/wp\/v2\/posts"}],"about":[{"href":"https:\/\/www.jkgrp.de\/index.php?rest_route=\/wp\/v2\/types\/post"}],"author":[{"embeddable":true,"href":"https:\/\/www.jkgrp.de\/index.php?rest_route=\/wp\/v2\/users\/1"}],"replies":[{"embeddable":true,"href":"https:\/\/www.jkgrp.de\/index.php?rest_route=%2Fwp%2Fv2%2Fcomments&post=196319"}],"version-history":[{"count":0,"href":"https:\/\/www.jkgrp.de\/index.php?rest_route=\/wp\/v2\/posts\/196319\/revisions"}],"wp:attachment":[{"href":"https:\/\/www.jkgrp.de\/index.php?rest_route=%2Fwp%2Fv2%2Fmedia&parent=196319"}],"wp:term":[{"taxonomy":"category","embeddable":true,"href":"https:\/\/www.jkgrp.de\/index.php?rest_route=%2Fwp%2Fv2%2Fcategories&post=196319"},{"taxonomy":"post_tag","embeddable":true,"href":"https:\/\/www.jkgrp.de\/index.php?rest_route=%2Fwp%2Fv2%2Ftags&post=196319"}],"curies":[{"name":"wp","href":"https:\/\/api.w.org\/{rel}","templated":true}]}}