{"id":195856,"date":"2022-03-22T11:11:00","date_gmt":"2022-03-22T09:11:00","guid":{"rendered":"https:\/\/www.jkgrp.de\/?p=195856"},"modified":"2022-03-22T11:11:00","modified_gmt":"2022-03-22T09:11:00","slug":"buergerstiftung-bad-ems-laedt-zur-buchpraesentation-am-1-april-ein-und-ihr-habt-alle-heil-geschrien-ben-kurier-schlagzeilen-aus-dem-rhein-l","status":"publish","type":"post","link":"https:\/\/www.jkgrp.de\/?p=195856","title":{"rendered":"B\u00fcrgerstiftung Bad Ems l\u00e4dt zur Buchpr\u00e4sentation am 1. April ein \u2013 \u201c\u2026und ihr habt alle \u201eHeil\u201c geschrien!\u201c &#8211; Ben Kurier &#8211; Schlagzeilen aus dem Rhein-Lahn-Kreis"},"content":{"rendered":"<p><a class=\"colorbox\" href=\"https:\/\/ben-kurier.de\/2022\/03\/22\/buergerstiftung-bad-ems-laedt-zur-buchpraesentation-am-1-april-ein-und-ihr-habt-alle-heil-geschrien\/\" target=\"_blank\" rel=\"noopener\">B\u00fcrgerstiftung Bad Ems l\u00e4dt zur Buchpr\u00e4sentation am 1. April ein \u2013 \u201c\u2026und ihr habt alle \u201eHeil\u201c geschrien!\u201c<\/a>  <a href=\"https:\/\/ben-kurier.de\/2022\/03\/22\/buergerstiftung-bad-ems-laedt-zur-buchpraesentation-am-1-april-ein-und-ihr-habt-alle-heil-geschrien\/\" class=\"colorbox\"> &#8230;read more<\/a><span style=\"margin-left:10px\"><a href=\"http:\/\/www.facebook.com\/sharer\/sharer.php?u=https:\/\/ben-kurier.de\/2022\/03\/22\/buergerstiftung-bad-ems-laedt-zur-buchpraesentation-am-1-april-ein-und-ihr-habt-alle-heil-geschrien\/\"><img decoding=\"async\" src=\"https:\/\/www.jkgrp.de\/wp-content\/plugins\/wp-rss-multi-importer\/images\/facebook.png\" \/><\/a>&nbsp;&nbsp;<a href=\"http:\/\/twitter.com\/intent\/tweet?text=B%C3%BCrgerstiftung%20Bad%20Ems%20l%C3%A4dt%20zur%20Buchpr%C3%A4sentation%20am%201.%20April%20ein%20%E2%80%93%20%E2%80%9C%E2%80%A6und%20ihr%20habt%20alle%20%E2%80%9EHeil%E2%80%9C%20geschrien%21%E2%80%9C%20-%20Ben%20Kurier%20-%20Schlagzeilen%20aus%20dem%20Rhein-Lahn-Kreis%20https:\/\/ben-kurier.de\/2022\/03\/22\/buergerstiftung-bad-ems-laedt-zur-buchpraesentation-am-1-april-ein-und-ihr-habt-alle-heil-geschrien\/\"><img decoding=\"async\" src=\"https:\/\/www.jkgrp.de\/wp-content\/plugins\/wp-rss-multi-importer\/images\/twitter.png\" \/><\/a><\/span><\/p>\n","protected":false},"excerpt":{"rendered":"<p>B\u00fcrgerstiftung Bad Ems l\u00e4dt zur Buchpr\u00e4sentation am 1. April ein \u2013 \u201c\u2026und ihr habt alle \u201eHeil\u201c geschrien!\u201c &#8230;read more&nbsp;&nbsp;<\/p>\n","protected":false},"author":1,"featured_media":0,"comment_status":"open","ping_status":"closed","sticky":false,"template":"","format":"standard","meta":{"footnotes":""},"categories":[1],"tags":[],"class_list":["post-195856","post","type-post","status-publish","format-standard","hentry","category-allgemein"],"_links":{"self":[{"href":"https:\/\/www.jkgrp.de\/index.php?rest_route=\/wp\/v2\/posts\/195856","targetHints":{"allow":["GET"]}}],"collection":[{"href":"https:\/\/www.jkgrp.de\/index.php?rest_route=\/wp\/v2\/posts"}],"about":[{"href":"https:\/\/www.jkgrp.de\/index.php?rest_route=\/wp\/v2\/types\/post"}],"author":[{"embeddable":true,"href":"https:\/\/www.jkgrp.de\/index.php?rest_route=\/wp\/v2\/users\/1"}],"replies":[{"embeddable":true,"href":"https:\/\/www.jkgrp.de\/index.php?rest_route=%2Fwp%2Fv2%2Fcomments&post=195856"}],"version-history":[{"count":0,"href":"https:\/\/www.jkgrp.de\/index.php?rest_route=\/wp\/v2\/posts\/195856\/revisions"}],"wp:attachment":[{"href":"https:\/\/www.jkgrp.de\/index.php?rest_route=%2Fwp%2Fv2%2Fmedia&parent=195856"}],"wp:term":[{"taxonomy":"category","embeddable":true,"href":"https:\/\/www.jkgrp.de\/index.php?rest_route=%2Fwp%2Fv2%2Fcategories&post=195856"},{"taxonomy":"post_tag","embeddable":true,"href":"https:\/\/www.jkgrp.de\/index.php?rest_route=%2Fwp%2Fv2%2Ftags&post=195856"}],"curies":[{"name":"wp","href":"https:\/\/api.w.org\/{rel}","templated":true}]}}