{"id":195739,"date":"2022-02-23T14:59:00","date_gmt":"2022-02-23T12:59:00","guid":{"rendered":"https:\/\/www.jkgrp.de\/?p=195739"},"modified":"2022-02-23T14:59:00","modified_gmt":"2022-02-23T12:59:00","slug":"karin-prien-und-das-sprechverbot-ueber-ihre-juedische-familie-juedische-allgemeine","status":"publish","type":"post","link":"https:\/\/www.jkgrp.de\/?p=195739","title":{"rendered":"Karin Prien und das Sprechverbot \u00fcber ihre j\u00fcdische Familie &#8211; J\u00fcdische Allgemeine"},"content":{"rendered":"<p><a class=\"colorbox\" href=\"https:\/\/www.juedische-allgemeine.de\/politik\/karin-prien-und-das-sprechverbot-uber-ihre-judische-familie\/\" target=\"_blank\" rel=\"noopener\">Karin Prien und das Sprechverbot \u00fcber ihre j\u00fcdische Familie<\/a>  <font color=\"#6f6f6f\">J\u00fcdische Allgemeine<\/font> <a href=\"https:\/\/www.juedische-allgemeine.de\/politik\/karin-prien-und-das-sprechverbot-uber-ihre-judische-familie\/\" class=\"colorbox\"> &#8230;read more<\/a><span style=\"margin-left:10px\"><a href=\"http:\/\/www.facebook.com\/sharer\/sharer.php?u=https:\/\/www.juedische-allgemeine.de\/politik\/karin-prien-und-das-sprechverbot-uber-ihre-judische-familie\/\"><img decoding=\"async\" src=\"https:\/\/www.jkgrp.de\/wp-content\/plugins\/wp-rss-multi-importer\/images\/facebook.png\" \/><\/a>&nbsp;&nbsp;<a href=\"http:\/\/twitter.com\/intent\/tweet?text=Karin%20Prien%20und%20das%20Sprechverbot%20%C3%BCber%20ihre%20j%C3%BCdische%20Familie%20-%20J%C3%BCdische%20Allgemeine%20https:\/\/www.juedische-allgemeine.de\/politik\/karin-prien-und-das-sprechverbot-uber-ihre-judische-familie\/\"><img decoding=\"async\" src=\"https:\/\/www.jkgrp.de\/wp-content\/plugins\/wp-rss-multi-importer\/images\/twitter.png\" \/><\/a><\/span><\/p>\n","protected":false},"excerpt":{"rendered":"<p>Karin Prien und das Sprechverbot \u00fcber ihre j\u00fcdische Familie J\u00fcdische Allgemeine &#8230;read more&nbsp;&nbsp;<\/p>\n","protected":false},"author":1,"featured_media":0,"comment_status":"open","ping_status":"closed","sticky":false,"template":"","format":"standard","meta":{"footnotes":""},"categories":[1],"tags":[],"class_list":["post-195739","post","type-post","status-publish","format-standard","hentry","category-allgemein"],"_links":{"self":[{"href":"https:\/\/www.jkgrp.de\/index.php?rest_route=\/wp\/v2\/posts\/195739","targetHints":{"allow":["GET"]}}],"collection":[{"href":"https:\/\/www.jkgrp.de\/index.php?rest_route=\/wp\/v2\/posts"}],"about":[{"href":"https:\/\/www.jkgrp.de\/index.php?rest_route=\/wp\/v2\/types\/post"}],"author":[{"embeddable":true,"href":"https:\/\/www.jkgrp.de\/index.php?rest_route=\/wp\/v2\/users\/1"}],"replies":[{"embeddable":true,"href":"https:\/\/www.jkgrp.de\/index.php?rest_route=%2Fwp%2Fv2%2Fcomments&post=195739"}],"version-history":[{"count":0,"href":"https:\/\/www.jkgrp.de\/index.php?rest_route=\/wp\/v2\/posts\/195739\/revisions"}],"wp:attachment":[{"href":"https:\/\/www.jkgrp.de\/index.php?rest_route=%2Fwp%2Fv2%2Fmedia&parent=195739"}],"wp:term":[{"taxonomy":"category","embeddable":true,"href":"https:\/\/www.jkgrp.de\/index.php?rest_route=%2Fwp%2Fv2%2Fcategories&post=195739"},{"taxonomy":"post_tag","embeddable":true,"href":"https:\/\/www.jkgrp.de\/index.php?rest_route=%2Fwp%2Fv2%2Ftags&post=195739"}],"curies":[{"name":"wp","href":"https:\/\/api.w.org\/{rel}","templated":true}]}}