{"id":194157,"date":"2020-08-09T07:00:00","date_gmt":"2020-08-09T05:00:00","guid":{"rendered":"https:\/\/www.jkgrp.de\/?p=194157"},"modified":"2020-08-09T07:00:00","modified_gmt":"2020-08-09T05:00:00","slug":"im-gruenen-zu-hause-beate-reuber-ist-fuer-gruen-berlin-als-parkbotschafterin-im-einsatz-berliner-woche","status":"publish","type":"post","link":"https:\/\/www.jkgrp.de\/?p=194157","title":{"rendered":"Im Gr\u00fcnen zu Hause: Beate Reuber ist f\u00fcr Gr\u00fcn Berlin als Parkbotschafterin im Einsatz &#8211; Berliner Woche"},"content":{"rendered":"<p><a class=\"colorbox\" href=\"https:\/\/www.berliner-woche.de\/marzahn\/c-leute\/beate-reuber-ist-fuer-gruen-berlin-als-parkbotschafterin-im-einsatz_a280555\" target=\"_blank\" rel=\"noopener noreferrer\">Im Gr\u00fcnen zu Hause: Beate Reuber ist f\u00fcr Gr\u00fcn Berlin als Parkbotschafterin im Einsatz<\/a>  <font color=\"#6f6f6f\">Berliner Woche<\/font> <a href=\"https:\/\/www.berliner-woche.de\/marzahn\/c-leute\/beate-reuber-ist-fuer-gruen-berlin-als-parkbotschafterin-im-einsatz_a280555\" class=\"colorbox\"> &#8230;read more<\/a><span style=\"margin-left:10px\"><a href=\"http:\/\/www.facebook.com\/sharer\/sharer.php?u=https:\/\/www.berliner-woche.de\/marzahn\/c-leute\/beate-reuber-ist-fuer-gruen-berlin-als-parkbotschafterin-im-einsatz_a280555\"><img decoding=\"async\" src=\"https:\/\/www.jkgrp.de\/wp-content\/plugins\/wp-rss-multi-importer\/images\/facebook.png\" \/><\/a>&nbsp;&nbsp;<a href=\"http:\/\/twitter.com\/intent\/tweet?text=Im%20Gr%C3%BCnen%20zu%20Hause%3A%20Beate%20Reuber%20ist%20f%C3%BCr%20Gr%C3%BCn%20Berlin%20als%20Parkbotschafterin%20im%20Einsatz%20-%20Berliner%20Woche%20https:\/\/www.berliner-woche.de\/marzahn\/c-leute\/beate-reuber-ist-fuer-gruen-berlin-als-parkbotschafterin-im-einsatz_a280555\"><img decoding=\"async\" src=\"https:\/\/www.jkgrp.de\/wp-content\/plugins\/wp-rss-multi-importer\/images\/twitter.png\" \/><\/a><\/span><\/p>\n","protected":false},"excerpt":{"rendered":"<p>Im Gr\u00fcnen zu Hause: Beate Reuber ist f\u00fcr Gr\u00fcn Berlin als Parkbotschafterin im Einsatz Berliner Woche &#8230;read more&nbsp;&nbsp;<\/p>\n","protected":false},"author":1,"featured_media":0,"comment_status":"open","ping_status":"closed","sticky":false,"template":"","format":"standard","meta":{"footnotes":""},"categories":[1],"tags":[],"class_list":["post-194157","post","type-post","status-publish","format-standard","hentry","category-allgemein"],"_links":{"self":[{"href":"https:\/\/www.jkgrp.de\/index.php?rest_route=\/wp\/v2\/posts\/194157","targetHints":{"allow":["GET"]}}],"collection":[{"href":"https:\/\/www.jkgrp.de\/index.php?rest_route=\/wp\/v2\/posts"}],"about":[{"href":"https:\/\/www.jkgrp.de\/index.php?rest_route=\/wp\/v2\/types\/post"}],"author":[{"embeddable":true,"href":"https:\/\/www.jkgrp.de\/index.php?rest_route=\/wp\/v2\/users\/1"}],"replies":[{"embeddable":true,"href":"https:\/\/www.jkgrp.de\/index.php?rest_route=%2Fwp%2Fv2%2Fcomments&post=194157"}],"version-history":[{"count":0,"href":"https:\/\/www.jkgrp.de\/index.php?rest_route=\/wp\/v2\/posts\/194157\/revisions"}],"wp:attachment":[{"href":"https:\/\/www.jkgrp.de\/index.php?rest_route=%2Fwp%2Fv2%2Fmedia&parent=194157"}],"wp:term":[{"taxonomy":"category","embeddable":true,"href":"https:\/\/www.jkgrp.de\/index.php?rest_route=%2Fwp%2Fv2%2Fcategories&post=194157"},{"taxonomy":"post_tag","embeddable":true,"href":"https:\/\/www.jkgrp.de\/index.php?rest_route=%2Fwp%2Fv2%2Ftags&post=194157"}],"curies":[{"name":"wp","href":"https:\/\/api.w.org\/{rel}","templated":true}]}}