{"id":193155,"date":"2019-12-30T18:51:00","date_gmt":"2019-12-30T16:51:00","guid":{"rendered":"http:\/\/www.jkgrp.de\/?p=193155"},"modified":"2019-12-30T18:51:00","modified_gmt":"2019-12-30T16:51:00","slug":"juedischer-friedhof-geschaendet-zwei-vorlaeufige-festnahmen-stern-de","status":"publish","type":"post","link":"https:\/\/www.jkgrp.de\/?p=193155","title":{"rendered":"J\u00fcdischer Friedhof gesch\u00e4ndet &#8211; Zwei vorl\u00e4ufige Festnahmen &#8211; STERN.de"},"content":{"rendered":"<p><a class=\"colorbox\" href=\"https:\/\/www.stern.de\/panorama\/juedischer-friedhof-geschaendet---zwei-vorlaeufige-festnahmen-9067632.html\" target=\"_blank\" rel=\"noopener noreferrer\">J\u00fcdischer Friedhof gesch\u00e4ndet &#8211; Zwei vorl\u00e4ufige Festnahmen<\/a>  <font color=\"#6f6f6f\">STERN.de<\/font> <a href=\"https:\/\/www.stern.de\/panorama\/juedischer-friedhof-geschaendet---zwei-vorlaeufige-festnahmen-9067632.html\" class=\"colorbox\"> &#8230;read more<\/a><span style=\"margin-left:10px\"><a href=\"http:\/\/www.facebook.com\/sharer\/sharer.php?u=https:\/\/www.stern.de\/panorama\/juedischer-friedhof-geschaendet---zwei-vorlaeufige-festnahmen-9067632.html\"><img decoding=\"async\" src=\"http:\/\/www.jkgrp.de\/wp-content\/plugins\/wp-rss-multi-importer\/images\/facebook.png\" \/><\/a>&nbsp;&nbsp;<a href=\"http:\/\/twitter.com\/intent\/tweet?text=J%C3%BCdischer%20Friedhof%20gesch%C3%A4ndet%20-%20Zwei%20vorl%C3%A4ufige%20Festnahmen%20-%20STERN.de%20https:\/\/www.stern.de\/panorama\/juedischer-friedhof-geschaendet---zwei-vorlaeufige-festnahmen-9067632.html\"><img decoding=\"async\" src=\"http:\/\/www.jkgrp.de\/wp-content\/plugins\/wp-rss-multi-importer\/images\/twitter.png\" \/><\/a><\/span><\/p>\n","protected":false},"excerpt":{"rendered":"<p>J\u00fcdischer Friedhof gesch\u00e4ndet &#8211; Zwei vorl\u00e4ufige Festnahmen STERN.de &#8230;read more&nbsp;&nbsp;<\/p>\n","protected":false},"author":1,"featured_media":0,"comment_status":"open","ping_status":"closed","sticky":false,"template":"","format":"standard","meta":{"footnotes":""},"categories":[1],"tags":[],"class_list":["post-193155","post","type-post","status-publish","format-standard","hentry","category-allgemein"],"_links":{"self":[{"href":"https:\/\/www.jkgrp.de\/index.php?rest_route=\/wp\/v2\/posts\/193155","targetHints":{"allow":["GET"]}}],"collection":[{"href":"https:\/\/www.jkgrp.de\/index.php?rest_route=\/wp\/v2\/posts"}],"about":[{"href":"https:\/\/www.jkgrp.de\/index.php?rest_route=\/wp\/v2\/types\/post"}],"author":[{"embeddable":true,"href":"https:\/\/www.jkgrp.de\/index.php?rest_route=\/wp\/v2\/users\/1"}],"replies":[{"embeddable":true,"href":"https:\/\/www.jkgrp.de\/index.php?rest_route=%2Fwp%2Fv2%2Fcomments&post=193155"}],"version-history":[{"count":0,"href":"https:\/\/www.jkgrp.de\/index.php?rest_route=\/wp\/v2\/posts\/193155\/revisions"}],"wp:attachment":[{"href":"https:\/\/www.jkgrp.de\/index.php?rest_route=%2Fwp%2Fv2%2Fmedia&parent=193155"}],"wp:term":[{"taxonomy":"category","embeddable":true,"href":"https:\/\/www.jkgrp.de\/index.php?rest_route=%2Fwp%2Fv2%2Fcategories&post=193155"},{"taxonomy":"post_tag","embeddable":true,"href":"https:\/\/www.jkgrp.de\/index.php?rest_route=%2Fwp%2Fv2%2Ftags&post=193155"}],"curies":[{"name":"wp","href":"https:\/\/api.w.org\/{rel}","templated":true}]}}