{"id":192795,"date":"2019-09-09T12:02:00","date_gmt":"2019-09-09T10:02:00","guid":{"rendered":"http:\/\/www.jkgrp.de\/?p=192795"},"modified":"2019-09-09T12:02:00","modified_gmt":"2019-09-09T10:02:00","slug":"erinnerungskultur-bundeslaender-setzen-sich-fuer-erhalt-juedischer-graeber-ein-deutschlandfunk","status":"publish","type":"post","link":"https:\/\/www.jkgrp.de\/?p=192795","title":{"rendered":"Erinnerungskultur &#8211; Bundesl\u00e4nder setzen sich f\u00fcr Erhalt j\u00fcdischer Gr\u00e4ber ein &#8211; Deutschlandfunk"},"content":{"rendered":"<p><a class=\"colorbox\" href=\"https:\/\/www.deutschlandfunk.de\/erinnerungskultur-bundeslaender-setzen-sich-fuer-erhalt.2849.de.html?drn:news_id=1047266\" target=\"_blank\" rel=\"noopener noreferrer\">Erinnerungskultur &#8211; Bundesl\u00e4nder setzen sich f\u00fcr Erhalt j\u00fcdischer Gr\u00e4ber ein<\/a>  <font color=\"#6f6f6f\">Deutschlandfunk<\/font><\/p>\n<p>Baden-W\u00fcrttemberg, Rheinland-Pfalz und das Saarland wollen <a href=\"https:\/\/www.deutschlandfunk.de\/erinnerungskultur-bundeslaender-setzen-sich-fuer-erhalt.2849.de.html?drn:news_id=1047266\" class=\"colorbox\"> &#8230;read more<\/a><span style=\"margin-left:10px\"><a href=\"http:\/\/www.facebook.com\/sharer\/sharer.php?u=https:\/\/www.deutschlandfunk.de\/erinnerungskultur-bundeslaender-setzen-sich-fuer-erhalt.2849.de.html?drn:news_id=1047266\"><img decoding=\"async\" src=\"http:\/\/www.jkgrp.de\/wp-content\/plugins\/wp-rss-multi-importer\/images\/facebook.png\" \/><\/a>&nbsp;&nbsp;<a href=\"http:\/\/twitter.com\/intent\/tweet?text=Erinnerungskultur%20-%20Bundesl%C3%A4nder%20setzen%20sich%20f%C3%BCr%20Erhalt%20j%C3%BCdischer%20Gr%C3%A4ber%20ein%20-%20Deutschlandfunk%20https:\/\/www.deutschlandfunk.de\/erinnerungskultur-bundeslaender-setzen-sich-fuer-erhalt.2849.de.html?drn:news_id=1047266\"><img decoding=\"async\" src=\"http:\/\/www.jkgrp.de\/wp-content\/plugins\/wp-rss-multi-importer\/images\/twitter.png\" \/><\/a><\/span><\/p>\n","protected":false},"excerpt":{"rendered":"<p>Erinnerungskultur &#8211; Bundesl\u00e4nder setzen sich f\u00fcr Erhalt j\u00fcdischer Gr\u00e4ber ein Deutschlandfunk Baden-W\u00fcrttemberg, Rheinland-Pfalz und das Saarland wollen &#8230;read more&nbsp;&nbsp;<\/p>\n","protected":false},"author":1,"featured_media":0,"comment_status":"open","ping_status":"closed","sticky":false,"template":"","format":"standard","meta":{"footnotes":""},"categories":[1],"tags":[],"class_list":["post-192795","post","type-post","status-publish","format-standard","hentry","category-allgemein"],"_links":{"self":[{"href":"https:\/\/www.jkgrp.de\/index.php?rest_route=\/wp\/v2\/posts\/192795","targetHints":{"allow":["GET"]}}],"collection":[{"href":"https:\/\/www.jkgrp.de\/index.php?rest_route=\/wp\/v2\/posts"}],"about":[{"href":"https:\/\/www.jkgrp.de\/index.php?rest_route=\/wp\/v2\/types\/post"}],"author":[{"embeddable":true,"href":"https:\/\/www.jkgrp.de\/index.php?rest_route=\/wp\/v2\/users\/1"}],"replies":[{"embeddable":true,"href":"https:\/\/www.jkgrp.de\/index.php?rest_route=%2Fwp%2Fv2%2Fcomments&post=192795"}],"version-history":[{"count":0,"href":"https:\/\/www.jkgrp.de\/index.php?rest_route=\/wp\/v2\/posts\/192795\/revisions"}],"wp:attachment":[{"href":"https:\/\/www.jkgrp.de\/index.php?rest_route=%2Fwp%2Fv2%2Fmedia&parent=192795"}],"wp:term":[{"taxonomy":"category","embeddable":true,"href":"https:\/\/www.jkgrp.de\/index.php?rest_route=%2Fwp%2Fv2%2Fcategories&post=192795"},{"taxonomy":"post_tag","embeddable":true,"href":"https:\/\/www.jkgrp.de\/index.php?rest_route=%2Fwp%2Fv2%2Ftags&post=192795"}],"curies":[{"name":"wp","href":"https:\/\/api.w.org\/{rel}","templated":true}]}}