{"id":192792,"date":"2019-09-09T11:04:00","date_gmt":"2019-09-09T09:04:00","guid":{"rendered":"http:\/\/www.jkgrp.de\/?p=192792"},"modified":"2019-09-09T11:04:00","modified_gmt":"2019-09-09T09:04:00","slug":"friedhoefe-in-frankreich-juedische-graeber-sollen-erhalten-bleiben-stuttgarter-nachrichten","status":"publish","type":"post","link":"https:\/\/www.jkgrp.de\/?p=192792","title":{"rendered":"Friedh\u00f6fe in Frankreich &#8211; J\u00fcdische Gr\u00e4ber sollen erhalten bleiben &#8211; Stuttgarter Nachrichten"},"content":{"rendered":"<p><a class=\"colorbox\" href=\"https:\/\/www.stuttgarter-nachrichten.de\/inhalt.friedhoefe-in-frankreich-juedische-graeber-sollen-erhalten-bleiben.d52f3f75-af2b-4cb5-baea-466fc5b45f54.html\" target=\"_blank\" rel=\"noopener noreferrer\">Friedh\u00f6fe in Frankreich &#8211; J\u00fcdische Gr\u00e4ber sollen erhalten bleiben<\/a>  <font color=\"#6f6f6f\">Stuttgarter Nachrichten<\/font><\/p>\n<p>Das Land will gemeinsam mit dem <a href=\"https:\/\/www.stuttgarter-nachrichten.de\/inhalt.friedhoefe-in-frankreich-juedische-graeber-sollen-erhalten-bleiben.d52f3f75-af2b-4cb5-baea-466fc5b45f54.html\" class=\"colorbox\"> &#8230;read more<\/a><span style=\"margin-left:10px\"><a href=\"http:\/\/www.facebook.com\/sharer\/sharer.php?u=https:\/\/www.stuttgarter-nachrichten.de\/inhalt.friedhoefe-in-frankreich-juedische-graeber-sollen-erhalten-bleiben.d52f3f75-af2b-4cb5-baea-466fc5b45f54.html\"><img decoding=\"async\" src=\"http:\/\/www.jkgrp.de\/wp-content\/plugins\/wp-rss-multi-importer\/images\/facebook.png\" \/><\/a>&nbsp;&nbsp;<a href=\"http:\/\/twitter.com\/intent\/tweet?text=Friedh%C3%B6fe%20in%20Frankreich%20-%20J%C3%BCdische%20Gr%C3%A4ber%20sollen%20erhalten%20bleiben%20-%20Stuttgarter%20Nachrichten%20https:\/\/www.stuttgarter-nachrichten.de\/inhalt.friedhoefe-in-frankreich-juedische-graeber-sollen-erhalten-bleiben.d52f3f75-af2b-4cb5-baea-466fc5b45f54.html\"><img decoding=\"async\" src=\"http:\/\/www.jkgrp.de\/wp-content\/plugins\/wp-rss-multi-importer\/images\/twitter.png\" \/><\/a><\/span><\/p>\n","protected":false},"excerpt":{"rendered":"<p>Friedh\u00f6fe in Frankreich &#8211; J\u00fcdische Gr\u00e4ber sollen erhalten bleiben Stuttgarter Nachrichten Das Land will gemeinsam mit dem &#8230;read more&nbsp;&nbsp;<\/p>\n","protected":false},"author":1,"featured_media":0,"comment_status":"open","ping_status":"closed","sticky":false,"template":"","format":"standard","meta":{"footnotes":""},"categories":[1],"tags":[],"class_list":["post-192792","post","type-post","status-publish","format-standard","hentry","category-allgemein"],"_links":{"self":[{"href":"https:\/\/www.jkgrp.de\/index.php?rest_route=\/wp\/v2\/posts\/192792","targetHints":{"allow":["GET"]}}],"collection":[{"href":"https:\/\/www.jkgrp.de\/index.php?rest_route=\/wp\/v2\/posts"}],"about":[{"href":"https:\/\/www.jkgrp.de\/index.php?rest_route=\/wp\/v2\/types\/post"}],"author":[{"embeddable":true,"href":"https:\/\/www.jkgrp.de\/index.php?rest_route=\/wp\/v2\/users\/1"}],"replies":[{"embeddable":true,"href":"https:\/\/www.jkgrp.de\/index.php?rest_route=%2Fwp%2Fv2%2Fcomments&post=192792"}],"version-history":[{"count":0,"href":"https:\/\/www.jkgrp.de\/index.php?rest_route=\/wp\/v2\/posts\/192792\/revisions"}],"wp:attachment":[{"href":"https:\/\/www.jkgrp.de\/index.php?rest_route=%2Fwp%2Fv2%2Fmedia&parent=192792"}],"wp:term":[{"taxonomy":"category","embeddable":true,"href":"https:\/\/www.jkgrp.de\/index.php?rest_route=%2Fwp%2Fv2%2Fcategories&post=192792"},{"taxonomy":"post_tag","embeddable":true,"href":"https:\/\/www.jkgrp.de\/index.php?rest_route=%2Fwp%2Fv2%2Ftags&post=192792"}],"curies":[{"name":"wp","href":"https:\/\/api.w.org\/{rel}","templated":true}]}}