{"id":192750,"date":"2019-08-23T16:54:00","date_gmt":"2019-08-23T14:54:00","guid":{"rendered":"http:\/\/www.jkgrp.de\/?p=192750"},"modified":"2019-08-23T16:54:00","modified_gmt":"2019-08-23T14:54:00","slug":"grossformat-im-weltsommer-sueddeutsche-de","status":"publish","type":"post","link":"https:\/\/www.jkgrp.de\/?p=192750","title":{"rendered":"Gro\u00dfformat &#8211; Im Weltsommer &#8211; S\u00fcddeutsche.de"},"content":{"rendered":"<p><a class=\"colorbox\" href=\"https:\/\/www.sueddeutsche.de\/kultur\/grossformat-im-weltsommer-1.4573387\" target=\"_blank\" rel=\"noopener noreferrer\">Gro\u00dfformat &#8211; Im Weltsommer<\/a>  <font color=\"#6f6f6f\">S\u00fcddeutsche.de<\/font><\/p>\n<p>Der sch\u00e4rfste Kritiker, den es in Deutschland je gab, war Alfred Kerr. <a href=\"https:\/\/www.sueddeutsche.de\/kultur\/grossformat-im-weltsommer-1.4573387\" class=\"colorbox\"> &#8230;read more<\/a><span style=\"margin-left:10px\"><a href=\"http:\/\/www.facebook.com\/sharer\/sharer.php?u=https:\/\/www.sueddeutsche.de\/kultur\/grossformat-im-weltsommer-1.4573387\"><img decoding=\"async\" src=\"http:\/\/www.jkgrp.de\/wp-content\/plugins\/wp-rss-multi-importer\/images\/facebook.png\" \/><\/a>&nbsp;&nbsp;<a href=\"http:\/\/twitter.com\/intent\/tweet?text=Gro%C3%9Fformat%20-%20Im%20Weltsommer%20-%20S%C3%BCddeutsche.de%20https:\/\/www.sueddeutsche.de\/kultur\/grossformat-im-weltsommer-1.4573387\"><img decoding=\"async\" src=\"http:\/\/www.jkgrp.de\/wp-content\/plugins\/wp-rss-multi-importer\/images\/twitter.png\" \/><\/a><\/span><\/p>\n","protected":false},"excerpt":{"rendered":"<p>Gro\u00dfformat &#8211; Im Weltsommer S\u00fcddeutsche.de Der sch\u00e4rfste Kritiker, den es in Deutschland je gab, war Alfred Kerr. &#8230;read more&nbsp;&nbsp;<\/p>\n","protected":false},"author":1,"featured_media":0,"comment_status":"open","ping_status":"closed","sticky":false,"template":"","format":"standard","meta":{"footnotes":""},"categories":[1],"tags":[],"class_list":["post-192750","post","type-post","status-publish","format-standard","hentry","category-allgemein"],"_links":{"self":[{"href":"https:\/\/www.jkgrp.de\/index.php?rest_route=\/wp\/v2\/posts\/192750","targetHints":{"allow":["GET"]}}],"collection":[{"href":"https:\/\/www.jkgrp.de\/index.php?rest_route=\/wp\/v2\/posts"}],"about":[{"href":"https:\/\/www.jkgrp.de\/index.php?rest_route=\/wp\/v2\/types\/post"}],"author":[{"embeddable":true,"href":"https:\/\/www.jkgrp.de\/index.php?rest_route=\/wp\/v2\/users\/1"}],"replies":[{"embeddable":true,"href":"https:\/\/www.jkgrp.de\/index.php?rest_route=%2Fwp%2Fv2%2Fcomments&post=192750"}],"version-history":[{"count":0,"href":"https:\/\/www.jkgrp.de\/index.php?rest_route=\/wp\/v2\/posts\/192750\/revisions"}],"wp:attachment":[{"href":"https:\/\/www.jkgrp.de\/index.php?rest_route=%2Fwp%2Fv2%2Fmedia&parent=192750"}],"wp:term":[{"taxonomy":"category","embeddable":true,"href":"https:\/\/www.jkgrp.de\/index.php?rest_route=%2Fwp%2Fv2%2Fcategories&post=192750"},{"taxonomy":"post_tag","embeddable":true,"href":"https:\/\/www.jkgrp.de\/index.php?rest_route=%2Fwp%2Fv2%2Ftags&post=192750"}],"curies":[{"name":"wp","href":"https:\/\/api.w.org\/{rel}","templated":true}]}}