{"id":192698,"date":"2019-07-31T09:47:00","date_gmt":"2019-07-31T07:47:00","guid":{"rendered":"http:\/\/www.jkgrp.de\/?p=192698"},"modified":"2019-07-31T09:47:00","modified_gmt":"2019-07-31T07:47:00","slug":"juedische-verbaende-entsetzt-ueber-entscheidung-von-staatsanwaltschaft-domradio-de","status":"publish","type":"post","link":"https:\/\/www.jkgrp.de\/?p=192698","title":{"rendered":"J\u00fcdische Verb\u00e4nde entsetzt \u00fcber Entscheidung von Staatsanwaltschaft &#8211; domradio.de"},"content":{"rendered":"<p><a class=\"colorbox\" href=\"https:\/\/www.domradio.de\/themen\/judentum\/2019-07-31\/keine-volksverhetzung-juedische-verbaende-entsetzt-ueber-entscheidung-von-staatsanwaltschaft\" target=\"_blank\" rel=\"noopener noreferrer\">J\u00fcdische Verb\u00e4nde entsetzt \u00fcber Entscheidung von Staatsanwaltschaft<\/a>  <font color=\"#6f6f6f\">domradio.de<\/font><\/p>\n<p>Die Entscheidung der Staatsanwaltschaft Dortmund, die Anzeige wegen Volksverhetzung <a href=\"https:\/\/www.domradio.de\/themen\/judentum\/2019-07-31\/keine-volksverhetzung-juedische-verbaende-entsetzt-ueber-entscheidung-von-staatsanwaltschaft\" class=\"colorbox\"> &#8230;read more<\/a><span style=\"margin-left:10px\"><a href=\"http:\/\/www.facebook.com\/sharer\/sharer.php?u=https:\/\/www.domradio.de\/themen\/judentum\/2019-07-31\/keine-volksverhetzung-juedische-verbaende-entsetzt-ueber-entscheidung-von-staatsanwaltschaft\"><img decoding=\"async\" src=\"http:\/\/www.jkgrp.de\/wp-content\/plugins\/wp-rss-multi-importer\/images\/facebook.png\" \/><\/a>&nbsp;&nbsp;<a href=\"http:\/\/twitter.com\/intent\/tweet?text=J%C3%BCdische%20Verb%C3%A4nde%20entsetzt%20%C3%BCber%20Entscheidung%20von%20Staatsanwaltschaft%20-%20domradio.de%20https:\/\/www.domradio.de\/themen\/judentum\/2019-07-31\/keine-volksverhetzung-juedische-verbaende-entsetzt-ueber-entscheidung-von-staatsanwaltschaft\"><img decoding=\"async\" src=\"http:\/\/www.jkgrp.de\/wp-content\/plugins\/wp-rss-multi-importer\/images\/twitter.png\" \/><\/a><\/span><\/p>\n","protected":false},"excerpt":{"rendered":"<p>J\u00fcdische Verb\u00e4nde entsetzt \u00fcber Entscheidung von Staatsanwaltschaft domradio.de Die Entscheidung der Staatsanwaltschaft Dortmund, die Anzeige wegen Volksverhetzung &#8230;read more&nbsp;&nbsp;<\/p>\n","protected":false},"author":1,"featured_media":0,"comment_status":"open","ping_status":"closed","sticky":false,"template":"","format":"standard","meta":{"footnotes":""},"categories":[1],"tags":[],"class_list":["post-192698","post","type-post","status-publish","format-standard","hentry","category-allgemein"],"_links":{"self":[{"href":"https:\/\/www.jkgrp.de\/index.php?rest_route=\/wp\/v2\/posts\/192698","targetHints":{"allow":["GET"]}}],"collection":[{"href":"https:\/\/www.jkgrp.de\/index.php?rest_route=\/wp\/v2\/posts"}],"about":[{"href":"https:\/\/www.jkgrp.de\/index.php?rest_route=\/wp\/v2\/types\/post"}],"author":[{"embeddable":true,"href":"https:\/\/www.jkgrp.de\/index.php?rest_route=\/wp\/v2\/users\/1"}],"replies":[{"embeddable":true,"href":"https:\/\/www.jkgrp.de\/index.php?rest_route=%2Fwp%2Fv2%2Fcomments&post=192698"}],"version-history":[{"count":0,"href":"https:\/\/www.jkgrp.de\/index.php?rest_route=\/wp\/v2\/posts\/192698\/revisions"}],"wp:attachment":[{"href":"https:\/\/www.jkgrp.de\/index.php?rest_route=%2Fwp%2Fv2%2Fmedia&parent=192698"}],"wp:term":[{"taxonomy":"category","embeddable":true,"href":"https:\/\/www.jkgrp.de\/index.php?rest_route=%2Fwp%2Fv2%2Fcategories&post=192698"},{"taxonomy":"post_tag","embeddable":true,"href":"https:\/\/www.jkgrp.de\/index.php?rest_route=%2Fwp%2Fv2%2Ftags&post=192698"}],"curies":[{"name":"wp","href":"https:\/\/api.w.org\/{rel}","templated":true}]}}