{"id":192206,"date":"2019-02-03T13:51:00","date_gmt":"2019-02-03T11:51:00","guid":{"rendered":"http:\/\/www.jkgrp.de\/?p=192206"},"modified":"2019-02-03T13:51:00","modified_gmt":"2019-02-03T11:51:00","slug":"nachrichten-aus-deutschland-trauer-nach-tod-von-elfjaehriger-schuelerin-stern-de","status":"publish","type":"post","link":"https:\/\/www.jkgrp.de\/?p=192206","title":{"rendered":"Nachrichten aus Deutschland: Trauer nach Tod von elfj\u00e4hriger Sch\u00fclerin &#8211; STERN.de"},"content":{"rendered":"<p><a class=\"colorbox\" href=\"https:\/\/www.stern.de\/panorama\/weltgeschehen\/nachrichten-aus-deutschland--verweste-frauenleiche-in-wohnung-entdeckt-8553278.html\" target=\"_blank\">Nachrichten aus Deutschland: Trauer nach Tod von elfj\u00e4hriger Sch\u00fclerin<\/a>  <font color=\"#6f6f6f\">STERN.de<\/font><\/p>\n<p>Leutkirch: Badeg\u00e4ste beleben Sechsj\u00e4hrigen wieder +++ Halle: <a href=\"https:\/\/www.stern.de\/panorama\/weltgeschehen\/nachrichten-aus-deutschland--verweste-frauenleiche-in-wohnung-entdeckt-8553278.html\" class=\"colorbox\"> &#8230;read more<\/a><span style=\"margin-left:10px\"><a href=\"http:\/\/www.facebook.com\/sharer\/sharer.php?u=https:\/\/www.stern.de\/panorama\/weltgeschehen\/nachrichten-aus-deutschland--verweste-frauenleiche-in-wohnung-entdeckt-8553278.html\"><img decoding=\"async\" src=\"http:\/\/www.jkgrp.de\/wp-content\/plugins\/wp-rss-multi-importer\/images\/facebook.png\" \/><\/a>&nbsp;&nbsp;<a href=\"http:\/\/twitter.com\/intent\/tweet?text=Nachrichten%20aus%20Deutschland%3A%20Trauer%20nach%20Tod%20von%20elfj%C3%A4hriger%20Sch%C3%BClerin%20-%20STERN.de%20https:\/\/www.stern.de\/panorama\/weltgeschehen\/nachrichten-aus-deutschland--verweste-frauenleiche-in-wohnung-entdeckt-8553278.html\"><img decoding=\"async\" src=\"http:\/\/www.jkgrp.de\/wp-content\/plugins\/wp-rss-multi-importer\/images\/twitter.png\" \/><\/a><\/span><\/p>\n","protected":false},"excerpt":{"rendered":"<p>Nachrichten aus Deutschland: Trauer nach Tod von elfj\u00e4hriger Sch\u00fclerin STERN.de Leutkirch: Badeg\u00e4ste beleben Sechsj\u00e4hrigen wieder +++ Halle: &#8230;read more&nbsp;&nbsp;<\/p>\n","protected":false},"author":1,"featured_media":0,"comment_status":"open","ping_status":"closed","sticky":false,"template":"","format":"standard","meta":{"footnotes":""},"categories":[1],"tags":[],"class_list":["post-192206","post","type-post","status-publish","format-standard","hentry","category-allgemein"],"_links":{"self":[{"href":"https:\/\/www.jkgrp.de\/index.php?rest_route=\/wp\/v2\/posts\/192206","targetHints":{"allow":["GET"]}}],"collection":[{"href":"https:\/\/www.jkgrp.de\/index.php?rest_route=\/wp\/v2\/posts"}],"about":[{"href":"https:\/\/www.jkgrp.de\/index.php?rest_route=\/wp\/v2\/types\/post"}],"author":[{"embeddable":true,"href":"https:\/\/www.jkgrp.de\/index.php?rest_route=\/wp\/v2\/users\/1"}],"replies":[{"embeddable":true,"href":"https:\/\/www.jkgrp.de\/index.php?rest_route=%2Fwp%2Fv2%2Fcomments&post=192206"}],"version-history":[{"count":0,"href":"https:\/\/www.jkgrp.de\/index.php?rest_route=\/wp\/v2\/posts\/192206\/revisions"}],"wp:attachment":[{"href":"https:\/\/www.jkgrp.de\/index.php?rest_route=%2Fwp%2Fv2%2Fmedia&parent=192206"}],"wp:term":[{"taxonomy":"category","embeddable":true,"href":"https:\/\/www.jkgrp.de\/index.php?rest_route=%2Fwp%2Fv2%2Fcategories&post=192206"},{"taxonomy":"post_tag","embeddable":true,"href":"https:\/\/www.jkgrp.de\/index.php?rest_route=%2Fwp%2Fv2%2Ftags&post=192206"}],"curies":[{"name":"wp","href":"https:\/\/api.w.org\/{rel}","templated":true}]}}