{"id":170171,"date":"2018-02-06T14:28:00","date_gmt":"2018-02-06T12:28:00","guid":{"rendered":"http:\/\/www.jkgrp.de\/?p=170171"},"modified":"2018-02-06T14:28:00","modified_gmt":"2018-02-06T12:28:00","slug":"prozess-wegen-umstrittener-aeusserung-ueber-juden-herxheimer-buergermeister-swr-2","status":"publish","type":"post","link":"https:\/\/www.jkgrp.de\/?p=170171","title":{"rendered":"Prozess wegen umstrittener \u00c4u\u00dferung \u00fcber Juden Herxheimer B\u00fcrgermeister &#8230; &#8211; SWR"},"content":{"rendered":"<table border=\"0\" cellpadding=\"2\" cellspacing=\"7\" style=\"vertical-align:top\">\n<tr>\n<td width=\"80\" align=\"center\" valign=\"top\"><font style=\"font-size:85%;font-family:arial,sans-serif\"><\/font><\/td>\n<td valign=\"top\" class=\"j\"><font style=\"font-size:85%;font-family:arial,sans-serif\"><\/p>\n<div style=\"padding-top:0.8em\"><\/div>\n<div class=\"lh\"><a class=\"colorbox\" href=\"http:\/\/news.google.com\/news\/url?sa=t&amp;fd=R&amp;ct2=de&amp;usg=AFQjCNFGBZi7cCkkWb618XbDOdr6EkVQSA&amp;clid=c3a7d30bb8a4878e06b80cf16b898331&amp;ei=1YV6WpCvNNKTWqGskqAO&amp;url=https:\/\/www.swr.de\/swraktuell\/rp\/prozess-wegen-umstrittener-aeusserung-ueber-juden-herxheimer-buergermeister-unterlaesst-zitat\/-\/id%3D1682\/did%3D21109068\/nid%3D1682\/18nrgqe\/\"><b>Prozess wegen umstrittener \u00c4u\u00dferung \u00fcber <\/b><b>Juden<\/b> <\/a><a href=\"http:\/\/news.google.com\/news\/url?sa=t&amp;fd=R&amp;ct2=de&amp;usg=AFQjCNFGBZi7cCkkWb618XbDOdr6EkVQSA&amp;clid=c3a7d30bb8a4878e06b80cf16b898331&amp;ei=1YV6WpCvNNKTWqGskqAO&amp;url=https:\/\/www.swr.de\/swraktuell\/rp\/prozess-wegen-umstrittener-aeusserung-ueber-juden-herxheimer-buergermeister-unterlaesst-zitat\/-\/id%3D1682\/did%3D21109068\/nid%3D1682\/18nrgqe\/\" class=\"colorbox\"> &#8230;read more<\/a><span style=\"margin-left:10px\"><a href=\"http:\/\/www.facebook.com\/sharer\/sharer.php?u=http:\/\/news.google.com\/news\/url?sa=t&amp;fd=R&amp;ct2=de&amp;usg=AFQjCNFGBZi7cCkkWb618XbDOdr6EkVQSA&amp;clid=c3a7d30bb8a4878e06b80cf16b898331&amp;ei=1YV6WpCvNNKTWqGskqAO&amp;url=https:\/\/www.swr.de\/swraktuell\/rp\/prozess-wegen-umstrittener-aeusserung-ueber-juden-herxheimer-buergermeister-unterlaesst-zitat\/-\/id%3D1682\/did%3D21109068\/nid%3D1682\/18nrgqe\/\"><img decoding=\"async\" src=\"http:\/\/www.jkgrp.de\/wp-content\/plugins\/wp-rss-multi-importer\/images\/facebook.png\" \/><\/a>&nbsp;&nbsp;<a href=\"http:\/\/twitter.com\/intent\/tweet?text=Prozess%20wegen%20umstrittener%20%C3%84u%C3%9Ferung%20%C3%BCber%20Juden%20Herxheimer%20B%C3%BCrgermeister%20...%20-%20SWR%20http:\/\/news.google.com\/news\/url?sa=t&amp;fd=R&amp;ct2=de&amp;usg=AFQjCNFGBZi7cCkkWb618XbDOdr6EkVQSA&amp;clid=c3a7d30bb8a4878e06b80cf16b898331&amp;ei=1YV6WpCvNNKTWqGskqAO&amp;url=https:\/\/www.swr.de\/swraktuell\/rp\/prozess-wegen-umstrittener-aeusserung-ueber-juden-herxheimer-buergermeister-unterlaesst-zitat\/-\/id%3D1682\/did%3D21109068\/nid%3D1682\/18nrgqe\/\"><img decoding=\"async\" src=\"http:\/\/www.jkgrp.de\/wp-content\/plugins\/wp-rss-multi-importer\/images\/twitter.png\" \/><\/a><\/span><\/div>\n<p><\/font><\/td>\n<\/tr>\n<\/table>\n","protected":false},"excerpt":{"rendered":"<p>Prozess wegen umstrittener \u00c4u\u00dferung \u00fcber Juden &#8230;read more&nbsp;&nbsp;<\/p>\n","protected":false},"author":1,"featured_media":0,"comment_status":"open","ping_status":"closed","sticky":false,"template":"","format":"standard","meta":{"footnotes":""},"categories":[1],"tags":[],"class_list":["post-170171","post","type-post","status-publish","format-standard","hentry","category-allgemein"],"_links":{"self":[{"href":"https:\/\/www.jkgrp.de\/index.php?rest_route=\/wp\/v2\/posts\/170171","targetHints":{"allow":["GET"]}}],"collection":[{"href":"https:\/\/www.jkgrp.de\/index.php?rest_route=\/wp\/v2\/posts"}],"about":[{"href":"https:\/\/www.jkgrp.de\/index.php?rest_route=\/wp\/v2\/types\/post"}],"author":[{"embeddable":true,"href":"https:\/\/www.jkgrp.de\/index.php?rest_route=\/wp\/v2\/users\/1"}],"replies":[{"embeddable":true,"href":"https:\/\/www.jkgrp.de\/index.php?rest_route=%2Fwp%2Fv2%2Fcomments&post=170171"}],"version-history":[{"count":0,"href":"https:\/\/www.jkgrp.de\/index.php?rest_route=\/wp\/v2\/posts\/170171\/revisions"}],"wp:attachment":[{"href":"https:\/\/www.jkgrp.de\/index.php?rest_route=%2Fwp%2Fv2%2Fmedia&parent=170171"}],"wp:term":[{"taxonomy":"category","embeddable":true,"href":"https:\/\/www.jkgrp.de\/index.php?rest_route=%2Fwp%2Fv2%2Fcategories&post=170171"},{"taxonomy":"post_tag","embeddable":true,"href":"https:\/\/www.jkgrp.de\/index.php?rest_route=%2Fwp%2Fv2%2Ftags&post=170171"}],"curies":[{"name":"wp","href":"https:\/\/api.w.org\/{rel}","templated":true}]}}